                                                                                                                                                                                                                                                                                                                                                                                                                                                                                                    {"id":3366,"date":"2013-12-26T10:57:23","date_gmt":"2013-12-26T12:57:23","guid":{"rendered":"http:\/\/redeccap.org.br\/blogcasaviva\/?p=3366"},"modified":"2013-12-26T10:57:23","modified_gmt":"2013-12-26T12:57:23","slug":"apresentacao-simposio-ufrj","status":"publish","type":"post","link":"https:\/\/redeccap.org.br\/blogcasaviva\/2013\/12\/26\/apresentacao-simposio-ufrj\/","title":{"rendered":"Apresenta\u00e7\u00e3o Simp\u00f3sio UFRJ"},"content":{"rendered":"<p>No dia 03 de dezembro os alunos da Escola de M\u00fasica de Manguinhos, fizeram uma linda apresenta\u00e7\u00e3o do Simp\u00f3sio da UFRJ\/ Universidade Federal do Rio de Janeiro.<\/p>\n<p style=\"text-align: center;\"><a href=\"http:\/\/redeccap.org.br\/blogcasaviva\/wp-content\/uploads\/2013\/12\/SIMPOSIO-UFRJ.jpg\"><img loading=\"lazy\" class=\"aligncenter size-medium wp-image-3367\" title=\"SIMPOSIO UFRJ\" src=\"http:\/\/redeccap.org.br\/blogcasaviva\/wp-content\/uploads\/2013\/12\/SIMPOSIO-UFRJ-300x199.jpg\" alt=\"\" width=\"300\" height=\"199\" srcset=\"https:\/\/redeccap.org.br\/blogcasaviva\/wp-content\/uploads\/2013\/12\/SIMPOSIO-UFRJ-300x199.jpg 300w, https:\/\/redeccap.org.br\/blogcasaviva\/wp-content\/uploads\/2013\/12\/SIMPOSIO-UFRJ.jpg 1024w\" sizes=\"(max-width: 300px) 100vw, 300px\" \/><\/a><\/p>\n<p style=\"text-align: center;\"><a href=\"http:\/\/redeccap.org.br\/blogcasaviva\/wp-content\/uploads\/2013\/12\/SIMPOSIO-UFRJ-6.jpg\"><img loading=\"lazy\" class=\"aligncenter size-medium wp-image-3370\" title=\"SIMPOSIO UFRJ-6\" src=\"http:\/\/redeccap.org.br\/blogcasaviva\/wp-content\/uploads\/2013\/12\/SIMPOSIO-UFRJ-6-300x199.jpg\" alt=\"\" width=\"300\" height=\"199\" srcset=\"https:\/\/redeccap.org.br\/blogcasaviva\/wp-content\/uploads\/2013\/12\/SIMPOSIO-UFRJ-6-300x199.jpg 300w, https:\/\/redeccap.org.br\/blogcasaviva\/wp-content\/uploads\/2013\/12\/SIMPOSIO-UFRJ-6.jpg 1024w\" sizes=\"(max-width: 300px) 100vw, 300px\" \/><\/a><\/p>\n<p style=\"text-align: center;\"><a href=\"http:\/\/redeccap.org.br\/blogcasaviva\/wp-content\/uploads\/2013\/12\/SIMPOSIO-UFRJ-3.jpg\"><img loading=\"lazy\" class=\"aligncenter size-medium wp-image-3371\" title=\"SIMPOSIO UFRJ-3\" src=\"http:\/\/redeccap.org.br\/blogcasaviva\/wp-content\/uploads\/2013\/12\/SIMPOSIO-UFRJ-3-300x199.jpg\" alt=\"\" width=\"300\" height=\"199\" srcset=\"https:\/\/redeccap.org.br\/blogcasaviva\/wp-content\/uploads\/2013\/12\/SIMPOSIO-UFRJ-3-300x199.jpg 300w, https:\/\/redeccap.org.br\/blogcasaviva\/wp-content\/uploads\/2013\/12\/SIMPOSIO-UFRJ-3.jpg 1024w\" sizes=\"(max-width: 300px) 100vw, 300px\" \/><\/a><\/p>\n<p style=\"text-align: center;\"><a href=\"http:\/\/redeccap.org.br\/blogcasaviva\/wp-content\/uploads\/2013\/12\/SIMPOSIO-UFRJ-7.jpg\"><img loading=\"lazy\" class=\"aligncenter size-medium wp-image-3372\" title=\"SIMPOSIO UFRJ-7\" src=\"http:\/\/redeccap.org.br\/blogcasaviva\/wp-content\/uploads\/2013\/12\/SIMPOSIO-UFRJ-7-300x199.jpg\" alt=\"\" width=\"300\" height=\"199\" srcset=\"https:\/\/redeccap.org.br\/blogcasaviva\/wp-content\/uploads\/2013\/12\/SIMPOSIO-UFRJ-7-300x199.jpg 300w, https:\/\/redeccap.org.br\/blogcasaviva\/wp-content\/uploads\/2013\/12\/SIMPOSIO-UFRJ-7.jpg 1024w\" sizes=\"(max-width: 300px) 100vw, 300px\" \/><\/a><\/p>\n","protected":false},"excerpt":{"rendered":"<p>No dia 03 de dezembro os alunos da Escola de M\u00fasica de Manguinhos, fizeram uma linda apresenta\u00e7\u00e3o do Simp\u00f3sio da UFRJ\/ Universidade Federal do Rio de Janeiro.<\/p>\n","protected":false},"author":2,"featured_media":0,"comment_status":"open","ping_status":"open","sticky":false,"template":"","format":"standard","meta":{"spay_email":""},"categories":[1],"tags":[],"jetpack_featured_media_url":"","yoast_head":"<!-- This site is optimized with the Yoast SEO plugin v14.8 - https:\/\/yoast.com\/wordpress\/plugins\/seo\/ -->\n<meta name=\"robots\" content=\"index, follow\" \/>\n<meta name=\"googlebot\" content=\"index, follow, max-snippet:-1, max-image-preview:large, max-video-preview:-1\" \/>\n<meta name=\"bingbot\" content=\"index, follow, max-snippet:-1, max-image-preview:large, max-video-preview:-1\" \/>\n<link rel=\"canonical\" href=\"http:\/\/redeccap.org.br\/blogcasaviva\/2013\/12\/26\/apresentacao-simposio-ufrj\/\" \/>\n<meta property=\"og:locale\" content=\"pt_BR\" \/>\n<meta property=\"og:type\" content=\"article\" \/>\n<meta property=\"og:title\" content=\"Apresenta\u00e7\u00e3o Simp\u00f3sio UFRJ - Espa\u00e7o Casa Viva\/RedeCCAP\" \/>\n<meta property=\"og:description\" content=\"No dia 03 de dezembro os alunos da Escola de M\u00fasica de Manguinhos, fizeram uma linda apresenta\u00e7\u00e3o do Simp\u00f3sio da UFRJ\/ Universidade Federal do Rio de Janeiro.\" \/>\n<meta property=\"og:url\" content=\"http:\/\/redeccap.org.br\/blogcasaviva\/2013\/12\/26\/apresentacao-simposio-ufrj\/\" \/>\n<meta property=\"og:site_name\" content=\"Espa\u00e7o Casa Viva\/RedeCCAP\" \/>\n<meta property=\"article:published_time\" content=\"2013-12-26T12:57:23+00:00\" \/>\n<meta property=\"og:image\" content=\"http:\/\/redeccap.org.br\/blogcasaviva\/wp-content\/uploads\/2013\/12\/SIMPOSIO-UFRJ-300x199.jpg\" \/>\n<meta name=\"twitter:card\" content=\"summary_large_image\" \/>\n<script type=\"application\/ld+json\" class=\"yoast-schema-graph\">{\"@context\":\"https:\/\/schema.org\",\"@graph\":[{\"@type\":\"WebSite\",\"@id\":\"https:\/\/redeccap.org.br\/blogcasaviva\/#website\",\"url\":\"https:\/\/redeccap.org.br\/blogcasaviva\/\",\"name\":\"Espa\\u00e7o Casa Viva\/RedeCCAP\",\"description\":\"\",\"potentialAction\":[{\"@type\":\"SearchAction\",\"target\":\"https:\/\/redeccap.org.br\/blogcasaviva\/?s={search_term_string}\",\"query-input\":\"required name=search_term_string\"}],\"inLanguage\":\"pt-BR\"},{\"@type\":\"ImageObject\",\"@id\":\"http:\/\/redeccap.org.br\/blogcasaviva\/2013\/12\/26\/apresentacao-simposio-ufrj\/#primaryimage\",\"inLanguage\":\"pt-BR\",\"url\":\"http:\/\/redeccap.org.br\/blogcasaviva\/wp-content\/uploads\/2013\/12\/SIMPOSIO-UFRJ-300x199.jpg\"},{\"@type\":\"WebPage\",\"@id\":\"http:\/\/redeccap.org.br\/blogcasaviva\/2013\/12\/26\/apresentacao-simposio-ufrj\/#webpage\",\"url\":\"http:\/\/redeccap.org.br\/blogcasaviva\/2013\/12\/26\/apresentacao-simposio-ufrj\/\",\"name\":\"Apresenta\\u00e7\\u00e3o Simp\\u00f3sio UFRJ - Espa\\u00e7o Casa Viva\/RedeCCAP\",\"isPartOf\":{\"@id\":\"https:\/\/redeccap.org.br\/blogcasaviva\/#website\"},\"primaryImageOfPage\":{\"@id\":\"http:\/\/redeccap.org.br\/blogcasaviva\/2013\/12\/26\/apresentacao-simposio-ufrj\/#primaryimage\"},\"datePublished\":\"2013-12-26T12:57:23+00:00\",\"dateModified\":\"2013-12-26T12:57:23+00:00\",\"author\":{\"@id\":\"https:\/\/redeccap.org.br\/blogcasaviva\/#\/schema\/person\/d3a4d7d47e5711a03216769944a6e099\"},\"inLanguage\":\"pt-BR\",\"potentialAction\":[{\"@type\":\"ReadAction\",\"target\":[\"http:\/\/redeccap.org.br\/blogcasaviva\/2013\/12\/26\/apresentacao-simposio-ufrj\/\"]}]},{\"@type\":\"Person\",\"@id\":\"https:\/\/redeccap.org.br\/blogcasaviva\/#\/schema\/person\/d3a4d7d47e5711a03216769944a6e099\",\"name\":\"Cristiane Lima\",\"image\":{\"@type\":\"ImageObject\",\"@id\":\"https:\/\/redeccap.org.br\/blogcasaviva\/#personlogo\",\"inLanguage\":\"pt-BR\",\"url\":\"https:\/\/secure.gravatar.com\/avatar\/ef7514b24301542f8ba66a53508f3b6a?s=96&d=mm&r=g\",\"caption\":\"Cristiane Lima\"}}]}<\/script>\n<!-- \/ Yoast SEO plugin. -->","_links":{"self":[{"href":"https:\/\/redeccap.org.br\/blogcasaviva\/wp-json\/wp\/v2\/posts\/3366"}],"collection":[{"href":"https:\/\/redeccap.org.br\/blogcasaviva\/wp-json\/wp\/v2\/posts"}],"about":[{"href":"https:\/\/redeccap.org.br\/blogcasaviva\/wp-json\/wp\/v2\/types\/post"}],"author":[{"embeddable":true,"href":"https:\/\/redeccap.org.br\/blogcasaviva\/wp-json\/wp\/v2\/users\/2"}],"replies":[{"embeddable":true,"href":"https:\/\/redeccap.org.br\/blogcasaviva\/wp-json\/wp\/v2\/comments?post=3366"}],"version-history":[{"count":4,"href":"https:\/\/redeccap.org.br\/blogcasaviva\/wp-json\/wp\/v2\/posts\/3366\/revisions"}],"predecessor-version":[{"id":4936,"href":"https:\/\/redeccap.org.br\/blogcasaviva\/wp-json\/wp\/v2\/posts\/3366\/revisions\/4936"}],"wp:attachment":[{"href":"https:\/\/redeccap.org.br\/blogcasaviva\/wp-json\/wp\/v2\/media?parent=3366"}],"wp:term":[{"taxonomy":"category","embeddable":true,"href":"https:\/\/redeccap.org.br\/blogcasaviva\/wp-json\/wp\/v2\/categories?post=3366"},{"taxonomy":"post_tag","embeddable":true,"href":"https:\/\/redeccap.org.br\/blogcasaviva\/wp-json\/wp\/v2\/tags?post=3366"}],"curies":[{"name":"wp","href":"https:\/\/api.w.org\/{rel}","templated":true}]}}