                                                                                                                                                                                                                                                                                                                                                                                                                                                                                                    {"id":3297,"date":"2013-12-16T10:53:48","date_gmt":"2013-12-16T12:53:48","guid":{"rendered":"http:\/\/redeccap.org.br\/blogcasaviva\/?p=3297"},"modified":"2013-12-16T10:53:56","modified_gmt":"2013-12-16T12:53:56","slug":"apresentacao-bimestral-da-escola-de-musica-de-manguinhos-4","status":"publish","type":"post","link":"https:\/\/redeccap.org.br\/blogcasaviva\/2013\/12\/16\/apresentacao-bimestral-da-escola-de-musica-de-manguinhos-4\/","title":{"rendered":"Apresenta\u00e7\u00e3o bimestral da Escola de M\u00fasica de Manguinhos"},"content":{"rendered":"<p><a href=\"http:\/\/redeccap.org.br\/blogcasaviva\/wp-content\/uploads\/2013\/12\/994661_476834645766460_2089711241_n1.jpg\"><img loading=\"lazy\" class=\"aligncenter size-medium wp-image-3299\" title=\"994661_476834645766460_2089711241_n\" src=\"http:\/\/redeccap.org.br\/blogcasaviva\/wp-content\/uploads\/2013\/12\/994661_476834645766460_2089711241_n1-300x217.jpg\" alt=\"\" width=\"300\" height=\"217\" srcset=\"https:\/\/redeccap.org.br\/blogcasaviva\/wp-content\/uploads\/2013\/12\/994661_476834645766460_2089711241_n1-300x217.jpg 300w, https:\/\/redeccap.org.br\/blogcasaviva\/wp-content\/uploads\/2013\/12\/994661_476834645766460_2089711241_n1.jpg 822w\" sizes=\"(max-width: 300px) 100vw, 300px\" \/><\/a><\/p>\n","protected":false},"excerpt":{"rendered":"","protected":false},"author":2,"featured_media":0,"comment_status":"open","ping_status":"open","sticky":false,"template":"","format":"standard","meta":{"spay_email":""},"categories":[1],"tags":[],"jetpack_featured_media_url":"","yoast_head":"<!-- This site is optimized with the Yoast SEO plugin v14.8 - https:\/\/yoast.com\/wordpress\/plugins\/seo\/ -->\n<meta name=\"robots\" content=\"index, follow\" \/>\n<meta name=\"googlebot\" content=\"index, follow, max-snippet:-1, max-image-preview:large, max-video-preview:-1\" \/>\n<meta name=\"bingbot\" content=\"index, follow, max-snippet:-1, max-image-preview:large, max-video-preview:-1\" \/>\n<link rel=\"canonical\" href=\"http:\/\/redeccap.org.br\/blogcasaviva\/2013\/12\/16\/apresentacao-bimestral-da-escola-de-musica-de-manguinhos-4\/\" \/>\n<meta property=\"og:locale\" content=\"pt_BR\" \/>\n<meta property=\"og:type\" content=\"article\" \/>\n<meta property=\"og:title\" content=\"Apresenta\u00e7\u00e3o bimestral da Escola de M\u00fasica de Manguinhos - Espa\u00e7o Casa Viva\/RedeCCAP\" \/>\n<meta property=\"og:url\" content=\"http:\/\/redeccap.org.br\/blogcasaviva\/2013\/12\/16\/apresentacao-bimestral-da-escola-de-musica-de-manguinhos-4\/\" \/>\n<meta property=\"og:site_name\" content=\"Espa\u00e7o Casa Viva\/RedeCCAP\" \/>\n<meta property=\"article:published_time\" content=\"2013-12-16T12:53:48+00:00\" \/>\n<meta property=\"article:modified_time\" content=\"2013-12-16T12:53:56+00:00\" \/>\n<meta property=\"og:image\" content=\"http:\/\/redeccap.org.br\/blogcasaviva\/wp-content\/uploads\/2013\/12\/994661_476834645766460_2089711241_n1-300x217.jpg\" \/>\n<meta name=\"twitter:card\" content=\"summary_large_image\" \/>\n<script type=\"application\/ld+json\" class=\"yoast-schema-graph\">{\"@context\":\"https:\/\/schema.org\",\"@graph\":[{\"@type\":\"WebSite\",\"@id\":\"https:\/\/redeccap.org.br\/blogcasaviva\/#website\",\"url\":\"https:\/\/redeccap.org.br\/blogcasaviva\/\",\"name\":\"Espa\\u00e7o Casa Viva\/RedeCCAP\",\"description\":\"\",\"potentialAction\":[{\"@type\":\"SearchAction\",\"target\":\"https:\/\/redeccap.org.br\/blogcasaviva\/?s={search_term_string}\",\"query-input\":\"required name=search_term_string\"}],\"inLanguage\":\"pt-BR\"},{\"@type\":\"ImageObject\",\"@id\":\"http:\/\/redeccap.org.br\/blogcasaviva\/2013\/12\/16\/apresentacao-bimestral-da-escola-de-musica-de-manguinhos-4\/#primaryimage\",\"inLanguage\":\"pt-BR\",\"url\":\"http:\/\/redeccap.org.br\/blogcasaviva\/wp-content\/uploads\/2013\/12\/994661_476834645766460_2089711241_n1-300x217.jpg\"},{\"@type\":\"WebPage\",\"@id\":\"http:\/\/redeccap.org.br\/blogcasaviva\/2013\/12\/16\/apresentacao-bimestral-da-escola-de-musica-de-manguinhos-4\/#webpage\",\"url\":\"http:\/\/redeccap.org.br\/blogcasaviva\/2013\/12\/16\/apresentacao-bimestral-da-escola-de-musica-de-manguinhos-4\/\",\"name\":\"Apresenta\\u00e7\\u00e3o bimestral da Escola de M\\u00fasica de Manguinhos - Espa\\u00e7o Casa Viva\/RedeCCAP\",\"isPartOf\":{\"@id\":\"https:\/\/redeccap.org.br\/blogcasaviva\/#website\"},\"primaryImageOfPage\":{\"@id\":\"http:\/\/redeccap.org.br\/blogcasaviva\/2013\/12\/16\/apresentacao-bimestral-da-escola-de-musica-de-manguinhos-4\/#primaryimage\"},\"datePublished\":\"2013-12-16T12:53:48+00:00\",\"dateModified\":\"2013-12-16T12:53:56+00:00\",\"author\":{\"@id\":\"https:\/\/redeccap.org.br\/blogcasaviva\/#\/schema\/person\/d3a4d7d47e5711a03216769944a6e099\"},\"inLanguage\":\"pt-BR\",\"potentialAction\":[{\"@type\":\"ReadAction\",\"target\":[\"http:\/\/redeccap.org.br\/blogcasaviva\/2013\/12\/16\/apresentacao-bimestral-da-escola-de-musica-de-manguinhos-4\/\"]}]},{\"@type\":\"Person\",\"@id\":\"https:\/\/redeccap.org.br\/blogcasaviva\/#\/schema\/person\/d3a4d7d47e5711a03216769944a6e099\",\"name\":\"Cristiane Lima\",\"image\":{\"@type\":\"ImageObject\",\"@id\":\"https:\/\/redeccap.org.br\/blogcasaviva\/#personlogo\",\"inLanguage\":\"pt-BR\",\"url\":\"https:\/\/secure.gravatar.com\/avatar\/ef7514b24301542f8ba66a53508f3b6a?s=96&d=mm&r=g\",\"caption\":\"Cristiane Lima\"}}]}<\/script>\n<!-- \/ Yoast SEO plugin. -->","_links":{"self":[{"href":"https:\/\/redeccap.org.br\/blogcasaviva\/wp-json\/wp\/v2\/posts\/3297"}],"collection":[{"href":"https:\/\/redeccap.org.br\/blogcasaviva\/wp-json\/wp\/v2\/posts"}],"about":[{"href":"https:\/\/redeccap.org.br\/blogcasaviva\/wp-json\/wp\/v2\/types\/post"}],"author":[{"embeddable":true,"href":"https:\/\/redeccap.org.br\/blogcasaviva\/wp-json\/wp\/v2\/users\/2"}],"replies":[{"embeddable":true,"href":"https:\/\/redeccap.org.br\/blogcasaviva\/wp-json\/wp\/v2\/comments?post=3297"}],"version-history":[{"count":4,"href":"https:\/\/redeccap.org.br\/blogcasaviva\/wp-json\/wp\/v2\/posts\/3297\/revisions"}],"predecessor-version":[{"id":4941,"href":"https:\/\/redeccap.org.br\/blogcasaviva\/wp-json\/wp\/v2\/posts\/3297\/revisions\/4941"}],"wp:attachment":[{"href":"https:\/\/redeccap.org.br\/blogcasaviva\/wp-json\/wp\/v2\/media?parent=3297"}],"wp:term":[{"taxonomy":"category","embeddable":true,"href":"https:\/\/redeccap.org.br\/blogcasaviva\/wp-json\/wp\/v2\/categories?post=3297"},{"taxonomy":"post_tag","embeddable":true,"href":"https:\/\/redeccap.org.br\/blogcasaviva\/wp-json\/wp\/v2\/tags?post=3297"}],"curies":[{"name":"wp","href":"https:\/\/api.w.org\/{rel}","templated":true}]}}