                                                                                                                                                                                                                                                                                                                                                                                                                                                                                                    {"id":3241,"date":"2013-10-29T10:23:29","date_gmt":"2013-10-29T12:23:29","guid":{"rendered":"http:\/\/redeccap.org.br\/blogcasaviva\/?p=3241"},"modified":"2013-10-29T10:24:43","modified_gmt":"2013-10-29T12:24:43","slug":"festa-em-comemoracao-ao-dia-das-criancas","status":"publish","type":"post","link":"https:\/\/redeccap.org.br\/blogcasaviva\/2013\/10\/29\/festa-em-comemoracao-ao-dia-das-criancas\/","title":{"rendered":"Festa em comemora\u00e7\u00e3o ao dia das crian\u00e7as"},"content":{"rendered":"<p style=\"text-align: center;\">No dia 23 de outubro, aconteceu no Espa\u00e7o Casa Viva, uma linda festa pras crian\u00e7as, tivemos tamb\u00e9m a participa\u00e7\u00e3o dos alunos do Laborat\u00f3rio de Educa\u00e7\u00e3o Territorializada e Cidad\u00e3 em Manguinhos- LETC, apresentando uma pe\u00e7a &#8220;A hist\u00f3ria da Baratinha, no final da pe\u00e7a teve sorteio de v\u00e1rios livros pras crian\u00e7as.<\/p>\n<p style=\"text-align: center;\"><a href=\"http:\/\/redeccap.org.br\/blogcasaviva\/wp-content\/uploads\/2013\/10\/festa-das-crian\u00e7as-5.jpg\"><img loading=\"lazy\" class=\"aligncenter size-medium wp-image-3242\" title=\"festa das crian\u00e7as-5\" src=\"http:\/\/redeccap.org.br\/blogcasaviva\/wp-content\/uploads\/2013\/10\/festa-das-crian\u00e7as-5-300x199.jpg\" alt=\"\" width=\"300\" height=\"199\" srcset=\"https:\/\/redeccap.org.br\/blogcasaviva\/wp-content\/uploads\/2013\/10\/festa-das-crian\u00e7as-5-300x199.jpg 300w, https:\/\/redeccap.org.br\/blogcasaviva\/wp-content\/uploads\/2013\/10\/festa-das-crian\u00e7as-5.jpg 1024w\" sizes=\"(max-width: 300px) 100vw, 300px\" \/><\/a><\/p>\n<p style=\"text-align: center;\"><a href=\"http:\/\/redeccap.org.br\/blogcasaviva\/wp-content\/uploads\/2013\/10\/festa-das-crian\u00e7as-3.jpg\"><img loading=\"lazy\" class=\"aligncenter size-medium wp-image-3243\" title=\"festa das crian\u00e7as-3\" src=\"http:\/\/redeccap.org.br\/blogcasaviva\/wp-content\/uploads\/2013\/10\/festa-das-crian\u00e7as-3-300x199.jpg\" alt=\"\" width=\"300\" height=\"199\" srcset=\"https:\/\/redeccap.org.br\/blogcasaviva\/wp-content\/uploads\/2013\/10\/festa-das-crian\u00e7as-3-300x199.jpg 300w, https:\/\/redeccap.org.br\/blogcasaviva\/wp-content\/uploads\/2013\/10\/festa-das-crian\u00e7as-3.jpg 1024w\" sizes=\"(max-width: 300px) 100vw, 300px\" \/><\/a><\/p>\n<p style=\"text-align: center;\"><a href=\"http:\/\/redeccap.org.br\/blogcasaviva\/wp-content\/uploads\/2013\/10\/festa-das-crian\u00e7as.jpg\"><img loading=\"lazy\" class=\"aligncenter size-medium wp-image-3245\" title=\"festa das crian\u00e7as\" src=\"http:\/\/redeccap.org.br\/blogcasaviva\/wp-content\/uploads\/2013\/10\/festa-das-crian\u00e7as-300x199.jpg\" alt=\"\" width=\"300\" height=\"199\" srcset=\"https:\/\/redeccap.org.br\/blogcasaviva\/wp-content\/uploads\/2013\/10\/festa-das-crian\u00e7as-300x199.jpg 300w, https:\/\/redeccap.org.br\/blogcasaviva\/wp-content\/uploads\/2013\/10\/festa-das-crian\u00e7as.jpg 1024w\" sizes=\"(max-width: 300px) 100vw, 300px\" \/><\/a><\/p>\n<p style=\"text-align: center;\"><a href=\"http:\/\/redeccap.org.br\/blogcasaviva\/wp-content\/uploads\/2013\/10\/festa-das-crian\u00e7as-6.jpg\"><img loading=\"lazy\" class=\"aligncenter size-medium wp-image-3246\" title=\"festa das crian\u00e7as-6\" src=\"http:\/\/redeccap.org.br\/blogcasaviva\/wp-content\/uploads\/2013\/10\/festa-das-crian\u00e7as-6-300x199.jpg\" alt=\"\" width=\"300\" height=\"199\" srcset=\"https:\/\/redeccap.org.br\/blogcasaviva\/wp-content\/uploads\/2013\/10\/festa-das-crian\u00e7as-6-300x199.jpg 300w, https:\/\/redeccap.org.br\/blogcasaviva\/wp-content\/uploads\/2013\/10\/festa-das-crian\u00e7as-6.jpg 1024w\" sizes=\"(max-width: 300px) 100vw, 300px\" \/><\/a><\/p>\n<p style=\"text-align: center;\"><a href=\"http:\/\/redeccap.org.br\/blogcasaviva\/wp-content\/uploads\/2013\/10\/festa-das-crian\u00e7as-11.jpg\"><img loading=\"lazy\" class=\"aligncenter size-medium wp-image-3247\" title=\"festa das crian\u00e7as-11\" src=\"http:\/\/redeccap.org.br\/blogcasaviva\/wp-content\/uploads\/2013\/10\/festa-das-crian\u00e7as-11-300x199.jpg\" alt=\"\" width=\"300\" height=\"199\" srcset=\"https:\/\/redeccap.org.br\/blogcasaviva\/wp-content\/uploads\/2013\/10\/festa-das-crian\u00e7as-11-300x199.jpg 300w, https:\/\/redeccap.org.br\/blogcasaviva\/wp-content\/uploads\/2013\/10\/festa-das-crian\u00e7as-11.jpg 1024w\" sizes=\"(max-width: 300px) 100vw, 300px\" \/><\/a><\/p>\n<p style=\"text-align: center;\"><a href=\"http:\/\/redeccap.org.br\/blogcasaviva\/wp-content\/uploads\/2013\/10\/festa-das-crian\u00e7as-8.jpg\"><img loading=\"lazy\" class=\"aligncenter size-medium wp-image-3248\" title=\"festa das crian\u00e7as-8\" src=\"http:\/\/redeccap.org.br\/blogcasaviva\/wp-content\/uploads\/2013\/10\/festa-das-crian\u00e7as-8-300x199.jpg\" alt=\"\" width=\"300\" height=\"199\" srcset=\"https:\/\/redeccap.org.br\/blogcasaviva\/wp-content\/uploads\/2013\/10\/festa-das-crian\u00e7as-8-300x199.jpg 300w, https:\/\/redeccap.org.br\/blogcasaviva\/wp-content\/uploads\/2013\/10\/festa-das-crian\u00e7as-8.jpg 1024w\" sizes=\"(max-width: 300px) 100vw, 300px\" \/><\/a><\/p>\n<p style=\"text-align: center;\"><a href=\"http:\/\/redeccap.org.br\/blogcasaviva\/wp-content\/uploads\/2013\/10\/festa-das-crian\u00e7as-7.jpg\"><img loading=\"lazy\" class=\"aligncenter size-medium wp-image-3249\" title=\"festa das crian\u00e7as-7\" src=\"http:\/\/redeccap.org.br\/blogcasaviva\/wp-content\/uploads\/2013\/10\/festa-das-crian\u00e7as-7-300x199.jpg\" alt=\"\" width=\"300\" height=\"199\" srcset=\"https:\/\/redeccap.org.br\/blogcasaviva\/wp-content\/uploads\/2013\/10\/festa-das-crian\u00e7as-7-300x199.jpg 300w, https:\/\/redeccap.org.br\/blogcasaviva\/wp-content\/uploads\/2013\/10\/festa-das-crian\u00e7as-7.jpg 1024w\" sizes=\"(max-width: 300px) 100vw, 300px\" \/><\/a><\/p>\n<p style=\"text-align: center;\"><a href=\"http:\/\/redeccap.org.br\/blogcasaviva\/wp-content\/uploads\/2013\/10\/festa-das-crian\u00e7as-15.jpg\"><img loading=\"lazy\" class=\"aligncenter size-medium wp-image-3250\" title=\"festa das crian\u00e7as-15\" src=\"http:\/\/redeccap.org.br\/blogcasaviva\/wp-content\/uploads\/2013\/10\/festa-das-crian\u00e7as-15-300x214.jpg\" alt=\"\" width=\"300\" height=\"214\" srcset=\"https:\/\/redeccap.org.br\/blogcasaviva\/wp-content\/uploads\/2013\/10\/festa-das-crian\u00e7as-15-300x214.jpg 300w, https:\/\/redeccap.org.br\/blogcasaviva\/wp-content\/uploads\/2013\/10\/festa-das-crian\u00e7as-15.jpg 1024w\" sizes=\"(max-width: 300px) 100vw, 300px\" \/><\/a><\/p>\n<p style=\"text-align: center;\">\n","protected":false},"excerpt":{"rendered":"<p>No dia 23 de outubro, aconteceu no Espa\u00e7o Casa Viva, uma linda festa pras crian\u00e7as, tivemos tamb\u00e9m a participa\u00e7\u00e3o dos alunos do Laborat\u00f3rio de Educa\u00e7\u00e3o Territorializada e Cidad\u00e3 em Manguinhos- LETC, apresentando uma pe\u00e7a &#8220;A hist\u00f3ria da Baratinha, no final &hellip; <a href=\"https:\/\/redeccap.org.br\/blogcasaviva\/2013\/10\/29\/festa-em-comemoracao-ao-dia-das-criancas\/\">Continue lendo <span class=\"meta-nav\">&rarr;<\/span><\/a><\/p>\n","protected":false},"author":2,"featured_media":0,"comment_status":"open","ping_status":"open","sticky":false,"template":"","format":"standard","meta":{"spay_email":""},"categories":[1],"tags":[],"jetpack_featured_media_url":"","yoast_head":"<!-- This site is optimized with the Yoast SEO plugin v14.8 - https:\/\/yoast.com\/wordpress\/plugins\/seo\/ -->\n<meta name=\"robots\" content=\"index, follow\" \/>\n<meta name=\"googlebot\" content=\"index, follow, max-snippet:-1, max-image-preview:large, max-video-preview:-1\" \/>\n<meta name=\"bingbot\" content=\"index, follow, max-snippet:-1, max-image-preview:large, max-video-preview:-1\" \/>\n<link rel=\"canonical\" href=\"http:\/\/redeccap.org.br\/blogcasaviva\/2013\/10\/29\/festa-em-comemoracao-ao-dia-das-criancas\/\" \/>\n<meta property=\"og:locale\" content=\"pt_BR\" \/>\n<meta property=\"og:type\" content=\"article\" \/>\n<meta property=\"og:title\" content=\"Festa em comemora\u00e7\u00e3o ao dia das crian\u00e7as - Espa\u00e7o Casa Viva\/RedeCCAP\" \/>\n<meta property=\"og:description\" content=\"No dia 23 de outubro, aconteceu no Espa\u00e7o Casa Viva, uma linda festa pras crian\u00e7as, tivemos tamb\u00e9m a participa\u00e7\u00e3o dos alunos do Laborat\u00f3rio de Educa\u00e7\u00e3o Territorializada e Cidad\u00e3 em Manguinhos- LETC, apresentando uma pe\u00e7a &#8220;A hist\u00f3ria da Baratinha, no final &hellip; Continue lendo &rarr;\" \/>\n<meta property=\"og:url\" content=\"http:\/\/redeccap.org.br\/blogcasaviva\/2013\/10\/29\/festa-em-comemoracao-ao-dia-das-criancas\/\" \/>\n<meta property=\"og:site_name\" content=\"Espa\u00e7o Casa Viva\/RedeCCAP\" \/>\n<meta property=\"article:published_time\" content=\"2013-10-29T12:23:29+00:00\" \/>\n<meta property=\"article:modified_time\" content=\"2013-10-29T12:24:43+00:00\" \/>\n<meta property=\"og:image\" content=\"http:\/\/redeccap.org.br\/blogcasaviva\/wp-content\/uploads\/2013\/10\/festa-das-crian\u00e7as-5-300x199.jpg\" \/>\n<meta name=\"twitter:card\" content=\"summary_large_image\" \/>\n<script type=\"application\/ld+json\" class=\"yoast-schema-graph\">{\"@context\":\"https:\/\/schema.org\",\"@graph\":[{\"@type\":\"WebSite\",\"@id\":\"https:\/\/redeccap.org.br\/blogcasaviva\/#website\",\"url\":\"https:\/\/redeccap.org.br\/blogcasaviva\/\",\"name\":\"Espa\\u00e7o Casa Viva\/RedeCCAP\",\"description\":\"\",\"potentialAction\":[{\"@type\":\"SearchAction\",\"target\":\"https:\/\/redeccap.org.br\/blogcasaviva\/?s={search_term_string}\",\"query-input\":\"required name=search_term_string\"}],\"inLanguage\":\"pt-BR\"},{\"@type\":\"ImageObject\",\"@id\":\"http:\/\/redeccap.org.br\/blogcasaviva\/2013\/10\/29\/festa-em-comemoracao-ao-dia-das-criancas\/#primaryimage\",\"inLanguage\":\"pt-BR\",\"url\":\"http:\/\/redeccap.org.br\/blogcasaviva\/wp-content\/uploads\/2013\/10\/festa-das-crian\\u00e7as-5-300x199.jpg\"},{\"@type\":\"WebPage\",\"@id\":\"http:\/\/redeccap.org.br\/blogcasaviva\/2013\/10\/29\/festa-em-comemoracao-ao-dia-das-criancas\/#webpage\",\"url\":\"http:\/\/redeccap.org.br\/blogcasaviva\/2013\/10\/29\/festa-em-comemoracao-ao-dia-das-criancas\/\",\"name\":\"Festa em comemora\\u00e7\\u00e3o ao dia das crian\\u00e7as - Espa\\u00e7o Casa Viva\/RedeCCAP\",\"isPartOf\":{\"@id\":\"https:\/\/redeccap.org.br\/blogcasaviva\/#website\"},\"primaryImageOfPage\":{\"@id\":\"http:\/\/redeccap.org.br\/blogcasaviva\/2013\/10\/29\/festa-em-comemoracao-ao-dia-das-criancas\/#primaryimage\"},\"datePublished\":\"2013-10-29T12:23:29+00:00\",\"dateModified\":\"2013-10-29T12:24:43+00:00\",\"author\":{\"@id\":\"https:\/\/redeccap.org.br\/blogcasaviva\/#\/schema\/person\/d3a4d7d47e5711a03216769944a6e099\"},\"inLanguage\":\"pt-BR\",\"potentialAction\":[{\"@type\":\"ReadAction\",\"target\":[\"http:\/\/redeccap.org.br\/blogcasaviva\/2013\/10\/29\/festa-em-comemoracao-ao-dia-das-criancas\/\"]}]},{\"@type\":\"Person\",\"@id\":\"https:\/\/redeccap.org.br\/blogcasaviva\/#\/schema\/person\/d3a4d7d47e5711a03216769944a6e099\",\"name\":\"Cristiane Lima\",\"image\":{\"@type\":\"ImageObject\",\"@id\":\"https:\/\/redeccap.org.br\/blogcasaviva\/#personlogo\",\"inLanguage\":\"pt-BR\",\"url\":\"https:\/\/secure.gravatar.com\/avatar\/ef7514b24301542f8ba66a53508f3b6a?s=96&d=mm&r=g\",\"caption\":\"Cristiane Lima\"}}]}<\/script>\n<!-- \/ Yoast SEO plugin. -->","_links":{"self":[{"href":"https:\/\/redeccap.org.br\/blogcasaviva\/wp-json\/wp\/v2\/posts\/3241"}],"collection":[{"href":"https:\/\/redeccap.org.br\/blogcasaviva\/wp-json\/wp\/v2\/posts"}],"about":[{"href":"https:\/\/redeccap.org.br\/blogcasaviva\/wp-json\/wp\/v2\/types\/post"}],"author":[{"embeddable":true,"href":"https:\/\/redeccap.org.br\/blogcasaviva\/wp-json\/wp\/v2\/users\/2"}],"replies":[{"embeddable":true,"href":"https:\/\/redeccap.org.br\/blogcasaviva\/wp-json\/wp\/v2\/comments?post=3241"}],"version-history":[{"count":9,"href":"https:\/\/redeccap.org.br\/blogcasaviva\/wp-json\/wp\/v2\/posts\/3241\/revisions"}],"predecessor-version":[{"id":4945,"href":"https:\/\/redeccap.org.br\/blogcasaviva\/wp-json\/wp\/v2\/posts\/3241\/revisions\/4945"}],"wp:attachment":[{"href":"https:\/\/redeccap.org.br\/blogcasaviva\/wp-json\/wp\/v2\/media?parent=3241"}],"wp:term":[{"taxonomy":"category","embeddable":true,"href":"https:\/\/redeccap.org.br\/blogcasaviva\/wp-json\/wp\/v2\/categories?post=3241"},{"taxonomy":"post_tag","embeddable":true,"href":"https:\/\/redeccap.org.br\/blogcasaviva\/wp-json\/wp\/v2\/tags?post=3241"}],"curies":[{"name":"wp","href":"https:\/\/api.w.org\/{rel}","templated":true}]}}