                                                                                                                                                                                                                                                                                                                                                                                                                                                                                                    {"id":3236,"date":"2013-10-22T11:51:39","date_gmt":"2013-10-22T13:51:39","guid":{"rendered":"http:\/\/redeccap.org.br\/blogcasaviva\/?p=3236"},"modified":"2013-10-22T11:52:08","modified_gmt":"2013-10-22T13:52:08","slug":"3o-forum-literario-de-manguinhos","status":"publish","type":"post","link":"https:\/\/redeccap.org.br\/blogcasaviva\/2013\/10\/22\/3o-forum-literario-de-manguinhos\/","title":{"rendered":"3\u00ba For\u00fam Liter\u00e1rio de Manguinhos"},"content":{"rendered":"<p style=\"text-align: center;\">No dia 24 de outubro, vai acontecer o 3\u00ba For\u00fam Liter\u00e1rio de Manguinhos!<\/p>\n<p style=\"text-align: center;\"><a href=\"http:\/\/redeccap.org.br\/blogcasaviva\/wp-content\/uploads\/2013\/10\/Forum.jpg\"><img loading=\"lazy\" class=\"aligncenter size-medium wp-image-3237\" title=\"Forum\" src=\"http:\/\/redeccap.org.br\/blogcasaviva\/wp-content\/uploads\/2013\/10\/Forum-270x300.jpg\" alt=\"\" width=\"270\" height=\"300\" srcset=\"https:\/\/redeccap.org.br\/blogcasaviva\/wp-content\/uploads\/2013\/10\/Forum-270x300.jpg 270w, https:\/\/redeccap.org.br\/blogcasaviva\/wp-content\/uploads\/2013\/10\/Forum.jpg 864w\" sizes=\"(max-width: 270px) 100vw, 270px\" \/><\/a><\/p>\n","protected":false},"excerpt":{"rendered":"<p>No dia 24 de outubro, vai acontecer o 3\u00ba For\u00fam Liter\u00e1rio de Manguinhos!<\/p>\n","protected":false},"author":2,"featured_media":0,"comment_status":"open","ping_status":"open","sticky":false,"template":"","format":"standard","meta":{"spay_email":""},"categories":[1],"tags":[],"jetpack_featured_media_url":"","yoast_head":"<!-- This site is optimized with the Yoast SEO plugin v14.8 - https:\/\/yoast.com\/wordpress\/plugins\/seo\/ -->\n<meta name=\"robots\" content=\"index, follow\" \/>\n<meta name=\"googlebot\" content=\"index, follow, max-snippet:-1, max-image-preview:large, max-video-preview:-1\" \/>\n<meta name=\"bingbot\" content=\"index, follow, max-snippet:-1, max-image-preview:large, max-video-preview:-1\" \/>\n<link rel=\"canonical\" href=\"http:\/\/redeccap.org.br\/blogcasaviva\/2013\/10\/22\/3o-forum-literario-de-manguinhos\/\" \/>\n<meta property=\"og:locale\" content=\"pt_BR\" \/>\n<meta property=\"og:type\" content=\"article\" \/>\n<meta property=\"og:title\" content=\"3\u00ba For\u00fam Liter\u00e1rio de Manguinhos - Espa\u00e7o Casa Viva\/RedeCCAP\" \/>\n<meta property=\"og:description\" content=\"No dia 24 de outubro, vai acontecer o 3\u00ba For\u00fam Liter\u00e1rio de Manguinhos!\" \/>\n<meta property=\"og:url\" content=\"http:\/\/redeccap.org.br\/blogcasaviva\/2013\/10\/22\/3o-forum-literario-de-manguinhos\/\" \/>\n<meta property=\"og:site_name\" content=\"Espa\u00e7o Casa Viva\/RedeCCAP\" \/>\n<meta property=\"article:published_time\" content=\"2013-10-22T13:51:39+00:00\" \/>\n<meta property=\"article:modified_time\" content=\"2013-10-22T13:52:08+00:00\" \/>\n<meta property=\"og:image\" content=\"http:\/\/redeccap.org.br\/blogcasaviva\/wp-content\/uploads\/2013\/10\/Forum-270x300.jpg\" \/>\n<meta name=\"twitter:card\" content=\"summary_large_image\" \/>\n<script type=\"application\/ld+json\" class=\"yoast-schema-graph\">{\"@context\":\"https:\/\/schema.org\",\"@graph\":[{\"@type\":\"WebSite\",\"@id\":\"https:\/\/redeccap.org.br\/blogcasaviva\/#website\",\"url\":\"https:\/\/redeccap.org.br\/blogcasaviva\/\",\"name\":\"Espa\\u00e7o Casa Viva\/RedeCCAP\",\"description\":\"\",\"potentialAction\":[{\"@type\":\"SearchAction\",\"target\":\"https:\/\/redeccap.org.br\/blogcasaviva\/?s={search_term_string}\",\"query-input\":\"required name=search_term_string\"}],\"inLanguage\":\"pt-BR\"},{\"@type\":\"ImageObject\",\"@id\":\"http:\/\/redeccap.org.br\/blogcasaviva\/2013\/10\/22\/3o-forum-literario-de-manguinhos\/#primaryimage\",\"inLanguage\":\"pt-BR\",\"url\":\"http:\/\/redeccap.org.br\/blogcasaviva\/wp-content\/uploads\/2013\/10\/Forum-270x300.jpg\"},{\"@type\":\"WebPage\",\"@id\":\"http:\/\/redeccap.org.br\/blogcasaviva\/2013\/10\/22\/3o-forum-literario-de-manguinhos\/#webpage\",\"url\":\"http:\/\/redeccap.org.br\/blogcasaviva\/2013\/10\/22\/3o-forum-literario-de-manguinhos\/\",\"name\":\"3\\u00ba For\\u00fam Liter\\u00e1rio de Manguinhos - Espa\\u00e7o Casa Viva\/RedeCCAP\",\"isPartOf\":{\"@id\":\"https:\/\/redeccap.org.br\/blogcasaviva\/#website\"},\"primaryImageOfPage\":{\"@id\":\"http:\/\/redeccap.org.br\/blogcasaviva\/2013\/10\/22\/3o-forum-literario-de-manguinhos\/#primaryimage\"},\"datePublished\":\"2013-10-22T13:51:39+00:00\",\"dateModified\":\"2013-10-22T13:52:08+00:00\",\"author\":{\"@id\":\"https:\/\/redeccap.org.br\/blogcasaviva\/#\/schema\/person\/d3a4d7d47e5711a03216769944a6e099\"},\"inLanguage\":\"pt-BR\",\"potentialAction\":[{\"@type\":\"ReadAction\",\"target\":[\"http:\/\/redeccap.org.br\/blogcasaviva\/2013\/10\/22\/3o-forum-literario-de-manguinhos\/\"]}]},{\"@type\":\"Person\",\"@id\":\"https:\/\/redeccap.org.br\/blogcasaviva\/#\/schema\/person\/d3a4d7d47e5711a03216769944a6e099\",\"name\":\"Cristiane Lima\",\"image\":{\"@type\":\"ImageObject\",\"@id\":\"https:\/\/redeccap.org.br\/blogcasaviva\/#personlogo\",\"inLanguage\":\"pt-BR\",\"url\":\"https:\/\/secure.gravatar.com\/avatar\/ef7514b24301542f8ba66a53508f3b6a?s=96&d=mm&r=g\",\"caption\":\"Cristiane Lima\"}}]}<\/script>\n<!-- \/ Yoast SEO plugin. -->","_links":{"self":[{"href":"https:\/\/redeccap.org.br\/blogcasaviva\/wp-json\/wp\/v2\/posts\/3236"}],"collection":[{"href":"https:\/\/redeccap.org.br\/blogcasaviva\/wp-json\/wp\/v2\/posts"}],"about":[{"href":"https:\/\/redeccap.org.br\/blogcasaviva\/wp-json\/wp\/v2\/types\/post"}],"author":[{"embeddable":true,"href":"https:\/\/redeccap.org.br\/blogcasaviva\/wp-json\/wp\/v2\/users\/2"}],"replies":[{"embeddable":true,"href":"https:\/\/redeccap.org.br\/blogcasaviva\/wp-json\/wp\/v2\/comments?post=3236"}],"version-history":[{"count":4,"href":"https:\/\/redeccap.org.br\/blogcasaviva\/wp-json\/wp\/v2\/posts\/3236\/revisions"}],"predecessor-version":[{"id":4946,"href":"https:\/\/redeccap.org.br\/blogcasaviva\/wp-json\/wp\/v2\/posts\/3236\/revisions\/4946"}],"wp:attachment":[{"href":"https:\/\/redeccap.org.br\/blogcasaviva\/wp-json\/wp\/v2\/media?parent=3236"}],"wp:term":[{"taxonomy":"category","embeddable":true,"href":"https:\/\/redeccap.org.br\/blogcasaviva\/wp-json\/wp\/v2\/categories?post=3236"},{"taxonomy":"post_tag","embeddable":true,"href":"https:\/\/redeccap.org.br\/blogcasaviva\/wp-json\/wp\/v2\/tags?post=3236"}],"curies":[{"name":"wp","href":"https:\/\/api.w.org\/{rel}","templated":true}]}}