                                                                                                                                                                                                                                                                                                                                                                                                                                                                                                    {"id":711,"date":"2010-07-05T10:46:14","date_gmt":"2010-07-05T13:46:14","guid":{"rendered":"http:\/\/redeccap.org.br\/blogcasaviva\/?p=711"},"modified":"2010-07-08T12:34:46","modified_gmt":"2010-07-08T15:34:46","slug":"aportes-interculturais-e-interprofissionais-em-promocao-da-saude-no-contexto-do-territorio-de-excessao-manguinhos","status":"publish","type":"post","link":"http:\/\/redeccap.org.br\/blogcasaviva\/2010\/07\/05\/aportes-interculturais-e-interprofissionais-em-promocao-da-saude-no-contexto-do-territorio-de-excessao-manguinhos\/","title":{"rendered":"Aportes Interculturais e Interprofissionais em Promo\u00e7\u00e3o da Sa\u00fade no Contexto do Territ\u00f3rio de Exce\u00e7\u00e3o Manguinhos"},"content":{"rendered":"<p>No dia 22\/06 aconteceu o Semin\u00e1rio Internacional, um Di\u00e1logo Norte-Sul  Americano no contexto dos Territ\u00f3rios Integrados de A\u00e7\u00f5es em Sa\u00fade (<strong> <\/strong>promovido pela Vice presid\u00eancia de ambiente,  aten\u00e7\u00e3o e promo\u00e7\u00e3o da sa\u00fade)<br \/>\n<strong><\/strong><\/p>\n<p>A coordenadora do Espa\u00e7o Casa Viva,  Elizabeth Campos participou deste semin\u00e1rio com o tema provocador:<\/p>\n<p align=\"center\"><span style=\"color: #800000;\"><span style=\"text-decoration: underline;\"><strong>\u201cAportes Interculturais e  Interprofissionais em Promo\u00e7\u00e3o da Sa\u00fade:\u00a0 No territ\u00f3rio de exce\u00e7\u00e3o  Manguinhos\u201d<\/strong><\/span><\/span><\/p>\n<p><span style=\"text-decoration: underline;\">O Territ\u00f3rio de Exce\u00e7\u00e3o Manguinhos caracteriza-se pelo:<\/span><\/p>\n<p>&#8211; Cotidiano violento de controle social;<\/p>\n<p>&#8211; Viola\u00e7\u00e3o de direitos civis e pol\u00edticos;<\/p>\n<p>&#8211; Pouco acesso a direitos sociais (educa\u00e7\u00e3o, sa\u00fade\/ambiente, habita\u00e7\u00e3o, etc)<\/p>\n<p>&#8211; Alto desemprego;<\/p>\n<p>-Baixa escolaridade;<\/p>\n<p>&#8211; Politicas P\u00fablicas assistencialistas e paternalistas e,<\/p>\n<p>&#8211; Criminaliza\u00e7\u00e3o do territ\u00f3rio.<\/p>\n<p><em>fonte<\/em><\/p>\n<p>livro: <span style=\"color: #993300;\">Territ\u00f3rio, Participa\u00e7\u00e3o Popular e Sa\u00faide: Manguinhos em debate<\/span> da Assessoria de Coopera\u00e7\u00e3o Social da ENSP\/Fiocruz<\/p>\n<p>Vamos discutir <strong>PROMO\u00c7\u00c3O EM SA\u00daDE<\/strong> a partir de uma perspectiva <strong>TERRITORIALIZADA<\/strong>?<\/p>\n<p><a href=\"http:\/\/redeccap.org.br\/blogcasaviva\/wp-content\/uploads\/2010\/07\/DSC_0030.JPG\"><img loading=\"lazy\" class=\"aligncenter size-medium wp-image-712\" title=\"DSC_0030\" src=\"http:\/\/redeccap.org.br\/blogcasaviva\/wp-content\/uploads\/2010\/07\/DSC_0030-300x199.jpg\" alt=\"DSC_0030\" width=\"300\" height=\"199\" srcset=\"http:\/\/redeccap.org.br\/blogcasaviva\/wp-content\/uploads\/2010\/07\/DSC_0030-300x199.jpg 300w, http:\/\/redeccap.org.br\/blogcasaviva\/wp-content\/uploads\/2010\/07\/DSC_0030-1024x680.jpg 1024w\" sizes=\"(max-width: 300px) 100vw, 300px\" \/><\/a><\/p>\n<p style=\"text-align: center;\"><a href=\"http:\/\/redeccap.org.br\/blogcasaviva\/wp-content\/uploads\/2010\/07\/DSC_0028.JPG\"><img loading=\"lazy\" class=\"aligncenter size-medium wp-image-713\" title=\"DSC_0028\" src=\"http:\/\/redeccap.org.br\/blogcasaviva\/wp-content\/uploads\/2010\/07\/DSC_0028-199x300.jpg\" alt=\"DSC_0028\" width=\"199\" height=\"300\" srcset=\"http:\/\/redeccap.org.br\/blogcasaviva\/wp-content\/uploads\/2010\/07\/DSC_0028-199x300.jpg 199w, http:\/\/redeccap.org.br\/blogcasaviva\/wp-content\/uploads\/2010\/07\/DSC_0028-680x1024.jpg 680w, http:\/\/redeccap.org.br\/blogcasaviva\/wp-content\/uploads\/2010\/07\/DSC_0028.JPG 2000w\" sizes=\"(max-width: 199px) 100vw, 199px\" \/><\/a>local: Audit\u00f3rio ENSP<\/p>\n<p>por <em>Elizabeth Campos<\/em><\/p>\n","protected":false},"excerpt":{"rendered":"<p>No dia 22\/06 aconteceu o Semin\u00e1rio Internacional, um Di\u00e1logo Norte-Sul Americano no contexto dos Territ\u00f3rios Integrados de A\u00e7\u00f5es em Sa\u00fade ( promovido pela Vice presid\u00eancia de ambiente, aten\u00e7\u00e3o e promo\u00e7\u00e3o da sa\u00fade) A coordenadora do Espa\u00e7o Casa Viva, Elizabeth Campos &hellip; <a href=\"http:\/\/redeccap.org.br\/blogcasaviva\/2010\/07\/05\/aportes-interculturais-e-interprofissionais-em-promocao-da-saude-no-contexto-do-territorio-de-excessao-manguinhos\/\">Continue lendo <span class=\"meta-nav\">&rarr;<\/span><\/a><\/p>\n","protected":false},"author":2,"featured_media":0,"comment_status":"open","ping_status":"open","sticky":false,"template":"","format":"standard","meta":{"spay_email":""},"categories":[1],"tags":[],"jetpack_featured_media_url":"","yoast_head":"<!-- This site is optimized with the Yoast SEO plugin v14.8 - https:\/\/yoast.com\/wordpress\/plugins\/seo\/ -->\n<meta name=\"robots\" content=\"index, follow\" \/>\n<meta name=\"googlebot\" content=\"index, follow, max-snippet:-1, max-image-preview:large, max-video-preview:-1\" \/>\n<meta name=\"bingbot\" content=\"index, follow, max-snippet:-1, max-image-preview:large, max-video-preview:-1\" \/>\n<link rel=\"canonical\" href=\"http:\/\/redeccap.org.br\/blogcasaviva\/2010\/07\/05\/aportes-interculturais-e-interprofissionais-em-promocao-da-saude-no-contexto-do-territorio-de-excessao-manguinhos\/\" \/>\n<meta property=\"og:locale\" content=\"pt_BR\" \/>\n<meta property=\"og:type\" content=\"article\" \/>\n<meta property=\"og:title\" content=\"Aportes Interculturais e Interprofissionais em Promo\u00e7\u00e3o da Sa\u00fade no Contexto do Territ\u00f3rio de Exce\u00e7\u00e3o Manguinhos - Espa\u00e7o Casa Viva\/RedeCCAP\" \/>\n<meta property=\"og:description\" content=\"No dia 22\/06 aconteceu o Semin\u00e1rio Internacional, um Di\u00e1logo Norte-Sul Americano no contexto dos Territ\u00f3rios Integrados de A\u00e7\u00f5es em Sa\u00fade ( promovido pela Vice presid\u00eancia de ambiente, aten\u00e7\u00e3o e promo\u00e7\u00e3o da sa\u00fade) A coordenadora do Espa\u00e7o Casa Viva, Elizabeth Campos &hellip; Continue lendo &rarr;\" \/>\n<meta property=\"og:url\" content=\"http:\/\/redeccap.org.br\/blogcasaviva\/2010\/07\/05\/aportes-interculturais-e-interprofissionais-em-promocao-da-saude-no-contexto-do-territorio-de-excessao-manguinhos\/\" \/>\n<meta property=\"og:site_name\" content=\"Espa\u00e7o Casa Viva\/RedeCCAP\" \/>\n<meta property=\"article:published_time\" content=\"2010-07-05T13:46:14+00:00\" \/>\n<meta property=\"article:modified_time\" content=\"2010-07-08T15:34:46+00:00\" \/>\n<meta property=\"og:image\" content=\"http:\/\/redeccap.org.br\/blogcasaviva\/wp-content\/uploads\/2010\/07\/DSC_0030-300x199.jpg\" \/>\n<meta name=\"twitter:card\" content=\"summary_large_image\" \/>\n<script type=\"application\/ld+json\" class=\"yoast-schema-graph\">{\"@context\":\"https:\/\/schema.org\",\"@graph\":[{\"@type\":\"WebSite\",\"@id\":\"http:\/\/redeccap.org.br\/blogcasaviva\/#website\",\"url\":\"http:\/\/redeccap.org.br\/blogcasaviva\/\",\"name\":\"Espa\\u00e7o Casa Viva\/RedeCCAP\",\"description\":\"\",\"potentialAction\":[{\"@type\":\"SearchAction\",\"target\":\"http:\/\/redeccap.org.br\/blogcasaviva\/?s={search_term_string}\",\"query-input\":\"required name=search_term_string\"}],\"inLanguage\":\"pt-BR\"},{\"@type\":\"ImageObject\",\"@id\":\"http:\/\/redeccap.org.br\/blogcasaviva\/2010\/07\/05\/aportes-interculturais-e-interprofissionais-em-promocao-da-saude-no-contexto-do-territorio-de-excessao-manguinhos\/#primaryimage\",\"inLanguage\":\"pt-BR\",\"url\":\"http:\/\/redeccap.org.br\/blogcasaviva\/wp-content\/uploads\/2010\/07\/DSC_0030.JPG\",\"width\":\"3008\",\"height\":\"2000\"},{\"@type\":\"WebPage\",\"@id\":\"http:\/\/redeccap.org.br\/blogcasaviva\/2010\/07\/05\/aportes-interculturais-e-interprofissionais-em-promocao-da-saude-no-contexto-do-territorio-de-excessao-manguinhos\/#webpage\",\"url\":\"http:\/\/redeccap.org.br\/blogcasaviva\/2010\/07\/05\/aportes-interculturais-e-interprofissionais-em-promocao-da-saude-no-contexto-do-territorio-de-excessao-manguinhos\/\",\"name\":\"Aportes Interculturais e Interprofissionais em Promo\\u00e7\\u00e3o da Sa\\u00fade no Contexto do Territ\\u00f3rio de Exce\\u00e7\\u00e3o Manguinhos - Espa\\u00e7o Casa Viva\/RedeCCAP\",\"isPartOf\":{\"@id\":\"http:\/\/redeccap.org.br\/blogcasaviva\/#website\"},\"primaryImageOfPage\":{\"@id\":\"http:\/\/redeccap.org.br\/blogcasaviva\/2010\/07\/05\/aportes-interculturais-e-interprofissionais-em-promocao-da-saude-no-contexto-do-territorio-de-excessao-manguinhos\/#primaryimage\"},\"datePublished\":\"2010-07-05T13:46:14+00:00\",\"dateModified\":\"2010-07-08T15:34:46+00:00\",\"author\":{\"@id\":\"http:\/\/redeccap.org.br\/blogcasaviva\/#\/schema\/person\/d3a4d7d47e5711a03216769944a6e099\"},\"inLanguage\":\"pt-BR\",\"potentialAction\":[{\"@type\":\"ReadAction\",\"target\":[\"http:\/\/redeccap.org.br\/blogcasaviva\/2010\/07\/05\/aportes-interculturais-e-interprofissionais-em-promocao-da-saude-no-contexto-do-territorio-de-excessao-manguinhos\/\"]}]},{\"@type\":\"Person\",\"@id\":\"http:\/\/redeccap.org.br\/blogcasaviva\/#\/schema\/person\/d3a4d7d47e5711a03216769944a6e099\",\"name\":\"Cristiane Lima\",\"image\":{\"@type\":\"ImageObject\",\"@id\":\"http:\/\/redeccap.org.br\/blogcasaviva\/#personlogo\",\"inLanguage\":\"pt-BR\",\"url\":\"http:\/\/2.gravatar.com\/avatar\/ef7514b24301542f8ba66a53508f3b6a?s=96&d=mm&r=g\",\"caption\":\"Cristiane Lima\"}}]}<\/script>\n<!-- \/ Yoast SEO plugin. -->","_links":{"self":[{"href":"http:\/\/redeccap.org.br\/blogcasaviva\/wp-json\/wp\/v2\/posts\/711"}],"collection":[{"href":"http:\/\/redeccap.org.br\/blogcasaviva\/wp-json\/wp\/v2\/posts"}],"about":[{"href":"http:\/\/redeccap.org.br\/blogcasaviva\/wp-json\/wp\/v2\/types\/post"}],"author":[{"embeddable":true,"href":"http:\/\/redeccap.org.br\/blogcasaviva\/wp-json\/wp\/v2\/users\/2"}],"replies":[{"embeddable":true,"href":"http:\/\/redeccap.org.br\/blogcasaviva\/wp-json\/wp\/v2\/comments?post=711"}],"version-history":[{"count":6,"href":"http:\/\/redeccap.org.br\/blogcasaviva\/wp-json\/wp\/v2\/posts\/711\/revisions"}],"predecessor-version":[{"id":715,"href":"http:\/\/redeccap.org.br\/blogcasaviva\/wp-json\/wp\/v2\/posts\/711\/revisions\/715"}],"wp:attachment":[{"href":"http:\/\/redeccap.org.br\/blogcasaviva\/wp-json\/wp\/v2\/media?parent=711"}],"wp:term":[{"taxonomy":"category","embeddable":true,"href":"http:\/\/redeccap.org.br\/blogcasaviva\/wp-json\/wp\/v2\/categories?post=711"},{"taxonomy":"post_tag","embeddable":true,"href":"http:\/\/redeccap.org.br\/blogcasaviva\/wp-json\/wp\/v2\/tags?post=711"}],"curies":[{"name":"wp","href":"https:\/\/api.w.org\/{rel}","templated":true}]}}