                                                                                                                                                                                                                                                                                                                                                                                                                                                                                                    {"id":703,"date":"2010-07-06T11:39:04","date_gmt":"2010-07-06T14:39:04","guid":{"rendered":"http:\/\/redeccap.org.br\/blogcasaviva\/?p=703"},"modified":"2010-07-06T13:26:08","modified_gmt":"2010-07-06T16:26:08","slug":"apresentacao-do-musica-na-calcada","status":"publish","type":"post","link":"http:\/\/redeccap.org.br\/blogcasaviva\/2010\/07\/06\/apresentacao-do-musica-na-calcada\/","title":{"rendered":"Apresenta\u00e7\u00e3o do M\u00fasica na Cal\u00e7ada"},"content":{"rendered":"<p>A Grupo M\u00fasica na Cal\u00e7ada, demonstrando seu compromisso com a comunidade, se apresentou na cal\u00e7ada da Rede CCAP em Vila Turismo &#8211; Manguinhos.<\/p>\n<p>A composi\u00e7\u00e3o dos integrantes do M\u00fasica na Cal\u00e7ada se renova a cada per\u00edodo, e est\u00e1 com essa nova roupagem, agora em 2010. Para entrar para o grupo \u00e9 preciso demonstrar os conhecimentos adquiridos nas aulas do Espa\u00e7o Casa Viva, da Escola de M\u00fasica de Manguinhos, e s\u00f3 os alunos mais dedicados s\u00e3o convidados a participar do M\u00fasica na Cal\u00e7ada.<\/p>\n<p>Parab\u00e9ns a todos que j\u00e1 passaram pelo grupo!<\/p>\n<p style=\"text-align: center;\"><a href=\"http:\/\/redeccap.org.br\/blogcasaviva\/wp-content\/uploads\/2010\/07\/DSC_0005.JPG\"><img loading=\"lazy\" class=\"aligncenter size-medium wp-image-704\" title=\"DSC_0005\" src=\"http:\/\/redeccap.org.br\/blogcasaviva\/wp-content\/uploads\/2010\/07\/DSC_0005-300x199.jpg\" alt=\"DSC_0005\" width=\"300\" height=\"199\" srcset=\"http:\/\/redeccap.org.br\/blogcasaviva\/wp-content\/uploads\/2010\/07\/DSC_0005-300x199.jpg 300w, http:\/\/redeccap.org.br\/blogcasaviva\/wp-content\/uploads\/2010\/07\/DSC_0005-1024x680.jpg 1024w\" sizes=\"(max-width: 300px) 100vw, 300px\" \/><\/a><\/p>\n<p style=\"text-align: center;\"><a href=\"http:\/\/redeccap.org.br\/blogcasaviva\/wp-content\/uploads\/2010\/07\/DSC_0001.JPG\"><img loading=\"lazy\" class=\"aligncenter size-medium wp-image-717\" title=\"DSC_0001\" src=\"http:\/\/redeccap.org.br\/blogcasaviva\/wp-content\/uploads\/2010\/07\/DSC_0001-300x199.jpg\" alt=\"DSC_0001\" width=\"300\" height=\"199\" srcset=\"http:\/\/redeccap.org.br\/blogcasaviva\/wp-content\/uploads\/2010\/07\/DSC_0001-300x199.jpg 300w, http:\/\/redeccap.org.br\/blogcasaviva\/wp-content\/uploads\/2010\/07\/DSC_0001-1024x680.jpg 1024w\" sizes=\"(max-width: 300px) 100vw, 300px\" \/><\/a><\/p>\n<p style=\"text-align: center;\">Nova Forma\u00e7\u00e3o M\u00fasica na Cal\u00e7ada 2010: Robinho, Diego,Leandro Lessa e Leonardo<\/p>\n","protected":false},"excerpt":{"rendered":"<p>A Grupo M\u00fasica na Cal\u00e7ada, demonstrando seu compromisso com a comunidade, se apresentou na cal\u00e7ada da Rede CCAP em Vila Turismo &#8211; Manguinhos. A composi\u00e7\u00e3o dos integrantes do M\u00fasica na Cal\u00e7ada se renova a cada per\u00edodo, e est\u00e1 com essa &hellip; <a href=\"http:\/\/redeccap.org.br\/blogcasaviva\/2010\/07\/06\/apresentacao-do-musica-na-calcada\/\">Continue lendo <span class=\"meta-nav\">&rarr;<\/span><\/a><\/p>\n","protected":false},"author":2,"featured_media":0,"comment_status":"open","ping_status":"open","sticky":false,"template":"","format":"standard","meta":{"spay_email":""},"categories":[1],"tags":[],"jetpack_featured_media_url":"","yoast_head":"<!-- This site is optimized with the Yoast SEO plugin v14.8 - https:\/\/yoast.com\/wordpress\/plugins\/seo\/ -->\n<meta name=\"robots\" content=\"index, follow\" \/>\n<meta name=\"googlebot\" content=\"index, follow, max-snippet:-1, max-image-preview:large, max-video-preview:-1\" \/>\n<meta name=\"bingbot\" content=\"index, follow, max-snippet:-1, max-image-preview:large, max-video-preview:-1\" \/>\n<link rel=\"canonical\" href=\"http:\/\/redeccap.org.br\/blogcasaviva\/2010\/07\/06\/apresentacao-do-musica-na-calcada\/\" \/>\n<meta property=\"og:locale\" content=\"pt_BR\" \/>\n<meta property=\"og:type\" content=\"article\" \/>\n<meta property=\"og:title\" content=\"Apresenta\u00e7\u00e3o do M\u00fasica na Cal\u00e7ada  - Espa\u00e7o Casa Viva\/RedeCCAP\" \/>\n<meta property=\"og:description\" content=\"A Grupo M\u00fasica na Cal\u00e7ada, demonstrando seu compromisso com a comunidade, se apresentou na cal\u00e7ada da Rede CCAP em Vila Turismo &#8211; Manguinhos. A composi\u00e7\u00e3o dos integrantes do M\u00fasica na Cal\u00e7ada se renova a cada per\u00edodo, e est\u00e1 com essa &hellip; Continue lendo &rarr;\" \/>\n<meta property=\"og:url\" content=\"http:\/\/redeccap.org.br\/blogcasaviva\/2010\/07\/06\/apresentacao-do-musica-na-calcada\/\" \/>\n<meta property=\"og:site_name\" content=\"Espa\u00e7o Casa Viva\/RedeCCAP\" \/>\n<meta property=\"article:published_time\" content=\"2010-07-06T14:39:04+00:00\" \/>\n<meta property=\"article:modified_time\" content=\"2010-07-06T16:26:08+00:00\" \/>\n<meta property=\"og:image\" content=\"http:\/\/redeccap.org.br\/blogcasaviva\/wp-content\/uploads\/2010\/07\/DSC_0005-300x199.jpg\" \/>\n<meta name=\"twitter:card\" content=\"summary_large_image\" \/>\n<script type=\"application\/ld+json\" class=\"yoast-schema-graph\">{\"@context\":\"https:\/\/schema.org\",\"@graph\":[{\"@type\":\"WebSite\",\"@id\":\"http:\/\/redeccap.org.br\/blogcasaviva\/#website\",\"url\":\"http:\/\/redeccap.org.br\/blogcasaviva\/\",\"name\":\"Espa\\u00e7o Casa Viva\/RedeCCAP\",\"description\":\"\",\"potentialAction\":[{\"@type\":\"SearchAction\",\"target\":\"http:\/\/redeccap.org.br\/blogcasaviva\/?s={search_term_string}\",\"query-input\":\"required name=search_term_string\"}],\"inLanguage\":\"pt-BR\"},{\"@type\":\"ImageObject\",\"@id\":\"http:\/\/redeccap.org.br\/blogcasaviva\/2010\/07\/06\/apresentacao-do-musica-na-calcada\/#primaryimage\",\"inLanguage\":\"pt-BR\",\"url\":\"http:\/\/redeccap.org.br\/blogcasaviva\/wp-content\/uploads\/2010\/07\/DSC_0005.JPG\",\"width\":\"3008\",\"height\":\"2000\"},{\"@type\":\"WebPage\",\"@id\":\"http:\/\/redeccap.org.br\/blogcasaviva\/2010\/07\/06\/apresentacao-do-musica-na-calcada\/#webpage\",\"url\":\"http:\/\/redeccap.org.br\/blogcasaviva\/2010\/07\/06\/apresentacao-do-musica-na-calcada\/\",\"name\":\"Apresenta\\u00e7\\u00e3o do M\\u00fasica na Cal\\u00e7ada - Espa\\u00e7o Casa Viva\/RedeCCAP\",\"isPartOf\":{\"@id\":\"http:\/\/redeccap.org.br\/blogcasaviva\/#website\"},\"primaryImageOfPage\":{\"@id\":\"http:\/\/redeccap.org.br\/blogcasaviva\/2010\/07\/06\/apresentacao-do-musica-na-calcada\/#primaryimage\"},\"datePublished\":\"2010-07-06T14:39:04+00:00\",\"dateModified\":\"2010-07-06T16:26:08+00:00\",\"author\":{\"@id\":\"http:\/\/redeccap.org.br\/blogcasaviva\/#\/schema\/person\/d3a4d7d47e5711a03216769944a6e099\"},\"inLanguage\":\"pt-BR\",\"potentialAction\":[{\"@type\":\"ReadAction\",\"target\":[\"http:\/\/redeccap.org.br\/blogcasaviva\/2010\/07\/06\/apresentacao-do-musica-na-calcada\/\"]}]},{\"@type\":\"Person\",\"@id\":\"http:\/\/redeccap.org.br\/blogcasaviva\/#\/schema\/person\/d3a4d7d47e5711a03216769944a6e099\",\"name\":\"Cristiane Lima\",\"image\":{\"@type\":\"ImageObject\",\"@id\":\"http:\/\/redeccap.org.br\/blogcasaviva\/#personlogo\",\"inLanguage\":\"pt-BR\",\"url\":\"http:\/\/2.gravatar.com\/avatar\/ef7514b24301542f8ba66a53508f3b6a?s=96&d=mm&r=g\",\"caption\":\"Cristiane Lima\"}}]}<\/script>\n<!-- \/ Yoast SEO plugin. -->","_links":{"self":[{"href":"http:\/\/redeccap.org.br\/blogcasaviva\/wp-json\/wp\/v2\/posts\/703"}],"collection":[{"href":"http:\/\/redeccap.org.br\/blogcasaviva\/wp-json\/wp\/v2\/posts"}],"about":[{"href":"http:\/\/redeccap.org.br\/blogcasaviva\/wp-json\/wp\/v2\/types\/post"}],"author":[{"embeddable":true,"href":"http:\/\/redeccap.org.br\/blogcasaviva\/wp-json\/wp\/v2\/users\/2"}],"replies":[{"embeddable":true,"href":"http:\/\/redeccap.org.br\/blogcasaviva\/wp-json\/wp\/v2\/comments?post=703"}],"version-history":[{"count":9,"href":"http:\/\/redeccap.org.br\/blogcasaviva\/wp-json\/wp\/v2\/posts\/703\/revisions"}],"predecessor-version":[{"id":725,"href":"http:\/\/redeccap.org.br\/blogcasaviva\/wp-json\/wp\/v2\/posts\/703\/revisions\/725"}],"wp:attachment":[{"href":"http:\/\/redeccap.org.br\/blogcasaviva\/wp-json\/wp\/v2\/media?parent=703"}],"wp:term":[{"taxonomy":"category","embeddable":true,"href":"http:\/\/redeccap.org.br\/blogcasaviva\/wp-json\/wp\/v2\/categories?post=703"},{"taxonomy":"post_tag","embeddable":true,"href":"http:\/\/redeccap.org.br\/blogcasaviva\/wp-json\/wp\/v2\/tags?post=703"}],"curies":[{"name":"wp","href":"https:\/\/api.w.org\/{rel}","templated":true}]}}