                                                                                                                                                                                                                                                                                                                                                                                                                                                                                                    {"id":3152,"date":"2013-08-26T14:58:47","date_gmt":"2013-08-26T17:58:47","guid":{"rendered":"http:\/\/redeccap.org.br\/blogcasaviva\/?p=3152"},"modified":"2013-08-26T14:58:47","modified_gmt":"2013-08-26T17:58:47","slug":"apresentacao-bimestral","status":"publish","type":"post","link":"http:\/\/redeccap.org.br\/blogcasaviva\/2013\/08\/26\/apresentacao-bimestral\/","title":{"rendered":"Apresenta\u00e7\u00e3o Bimestral"},"content":{"rendered":"<p style=\"text-align: center;\">No dia 13 de julho, aconteceu no Espa\u00e7o Casa Viva, a apresenta\u00e7\u00e3o bimestral da Escola de M\u00fasica de Manguinhos.<\/p>\n<p style=\"text-align: center;\"><a href=\"http:\/\/redeccap.org.br\/blogcasaviva\/wp-content\/uploads\/2013\/08\/33839_408354292614496_1534363733_n1.jpg\"><img loading=\"lazy\" class=\"aligncenter size-medium wp-image-3154\" title=\"33839_408354292614496_1534363733_n\" src=\"http:\/\/redeccap.org.br\/blogcasaviva\/wp-content\/uploads\/2013\/08\/33839_408354292614496_1534363733_n1-300x199.jpg\" alt=\"\" width=\"300\" height=\"199\" srcset=\"http:\/\/redeccap.org.br\/blogcasaviva\/wp-content\/uploads\/2013\/08\/33839_408354292614496_1534363733_n1-300x199.jpg 300w, http:\/\/redeccap.org.br\/blogcasaviva\/wp-content\/uploads\/2013\/08\/33839_408354292614496_1534363733_n1.jpg 960w\" sizes=\"(max-width: 300px) 100vw, 300px\" \/><\/a><\/p>\n<p style=\"text-align: center;\"><a href=\"http:\/\/redeccap.org.br\/blogcasaviva\/wp-content\/uploads\/2013\/08\/988233_408354415947817_505023306_n.jpg\"><img loading=\"lazy\" class=\"aligncenter size-medium wp-image-3155\" title=\"988233_408354415947817_505023306_n\" src=\"http:\/\/redeccap.org.br\/blogcasaviva\/wp-content\/uploads\/2013\/08\/988233_408354415947817_505023306_n-300x199.jpg\" alt=\"\" width=\"300\" height=\"199\" srcset=\"http:\/\/redeccap.org.br\/blogcasaviva\/wp-content\/uploads\/2013\/08\/988233_408354415947817_505023306_n-300x199.jpg 300w, http:\/\/redeccap.org.br\/blogcasaviva\/wp-content\/uploads\/2013\/08\/988233_408354415947817_505023306_n.jpg 960w\" sizes=\"(max-width: 300px) 100vw, 300px\" \/><\/a><\/p>\n<p style=\"text-align: center;\"><a href=\"http:\/\/redeccap.org.br\/blogcasaviva\/wp-content\/uploads\/2013\/08\/1005436_408354692614456_1033375942_n.jpg\"><img loading=\"lazy\" class=\"aligncenter size-medium wp-image-3156\" title=\"1005436_408354692614456_1033375942_n\" src=\"http:\/\/redeccap.org.br\/blogcasaviva\/wp-content\/uploads\/2013\/08\/1005436_408354692614456_1033375942_n-300x199.jpg\" alt=\"\" width=\"300\" height=\"199\" srcset=\"http:\/\/redeccap.org.br\/blogcasaviva\/wp-content\/uploads\/2013\/08\/1005436_408354692614456_1033375942_n-300x199.jpg 300w, http:\/\/redeccap.org.br\/blogcasaviva\/wp-content\/uploads\/2013\/08\/1005436_408354692614456_1033375942_n.jpg 960w\" sizes=\"(max-width: 300px) 100vw, 300px\" \/><\/a><\/p>\n<p style=\"text-align: center;\"><a href=\"http:\/\/redeccap.org.br\/blogcasaviva\/wp-content\/uploads\/2013\/08\/1044630_408354645947794_866449329_n.jpg\"><img loading=\"lazy\" class=\"aligncenter size-medium wp-image-3157\" title=\"1044630_408354645947794_866449329_n\" src=\"http:\/\/redeccap.org.br\/blogcasaviva\/wp-content\/uploads\/2013\/08\/1044630_408354645947794_866449329_n-300x240.jpg\" alt=\"\" width=\"300\" height=\"240\" srcset=\"http:\/\/redeccap.org.br\/blogcasaviva\/wp-content\/uploads\/2013\/08\/1044630_408354645947794_866449329_n-300x240.jpg 300w, http:\/\/redeccap.org.br\/blogcasaviva\/wp-content\/uploads\/2013\/08\/1044630_408354645947794_866449329_n.jpg 960w\" sizes=\"(max-width: 300px) 100vw, 300px\" \/><\/a><\/p>\n<p style=\"text-align: center;\"><a href=\"http:\/\/redeccap.org.br\/blogcasaviva\/wp-content\/uploads\/2013\/08\/1044814_408354315947827_1009182906_n.jpg\"><img loading=\"lazy\" class=\"aligncenter size-medium wp-image-3158\" title=\"1044814_408354315947827_1009182906_n\" src=\"http:\/\/redeccap.org.br\/blogcasaviva\/wp-content\/uploads\/2013\/08\/1044814_408354315947827_1009182906_n-300x199.jpg\" alt=\"\" width=\"300\" height=\"199\" srcset=\"http:\/\/redeccap.org.br\/blogcasaviva\/wp-content\/uploads\/2013\/08\/1044814_408354315947827_1009182906_n-300x199.jpg 300w, http:\/\/redeccap.org.br\/blogcasaviva\/wp-content\/uploads\/2013\/08\/1044814_408354315947827_1009182906_n.jpg 960w\" sizes=\"(max-width: 300px) 100vw, 300px\" \/><\/a><\/p>\n<p style=\"text-align: center;\"><a href=\"http:\/\/redeccap.org.br\/blogcasaviva\/wp-content\/uploads\/2013\/08\/DSC_0011.jpg\"><img loading=\"lazy\" class=\"aligncenter size-medium wp-image-3159\" title=\"DSC_0011\" src=\"http:\/\/redeccap.org.br\/blogcasaviva\/wp-content\/uploads\/2013\/08\/DSC_0011-300x199.jpg\" alt=\"\" width=\"300\" height=\"199\" srcset=\"http:\/\/redeccap.org.br\/blogcasaviva\/wp-content\/uploads\/2013\/08\/DSC_0011-300x199.jpg 300w, http:\/\/redeccap.org.br\/blogcasaviva\/wp-content\/uploads\/2013\/08\/DSC_0011-1024x680.jpg 1024w\" sizes=\"(max-width: 300px) 100vw, 300px\" \/><\/a><\/p>\n<p style=\"text-align: center;\"><a href=\"http:\/\/redeccap.org.br\/blogcasaviva\/wp-content\/uploads\/2013\/08\/DSC_0037.jpg\"><img loading=\"lazy\" class=\"aligncenter size-medium wp-image-3160\" title=\"DSC_0037\" src=\"http:\/\/redeccap.org.br\/blogcasaviva\/wp-content\/uploads\/2013\/08\/DSC_0037-300x199.jpg\" alt=\"\" width=\"300\" height=\"199\" srcset=\"http:\/\/redeccap.org.br\/blogcasaviva\/wp-content\/uploads\/2013\/08\/DSC_0037-300x199.jpg 300w, http:\/\/redeccap.org.br\/blogcasaviva\/wp-content\/uploads\/2013\/08\/DSC_0037-1024x680.jpg 1024w\" sizes=\"(max-width: 300px) 100vw, 300px\" \/><\/a><\/p>\n<p style=\"text-align: center;\"><a href=\"http:\/\/redeccap.org.br\/blogcasaviva\/wp-content\/uploads\/2013\/08\/DSC_0050.jpg\"><img loading=\"lazy\" class=\"aligncenter size-medium wp-image-3161\" title=\"DSC_0050\" src=\"http:\/\/redeccap.org.br\/blogcasaviva\/wp-content\/uploads\/2013\/08\/DSC_0050-199x300.jpg\" alt=\"\" width=\"199\" height=\"300\" srcset=\"http:\/\/redeccap.org.br\/blogcasaviva\/wp-content\/uploads\/2013\/08\/DSC_0050-199x300.jpg 199w, http:\/\/redeccap.org.br\/blogcasaviva\/wp-content\/uploads\/2013\/08\/DSC_0050-680x1024.jpg 680w, http:\/\/redeccap.org.br\/blogcasaviva\/wp-content\/uploads\/2013\/08\/DSC_0050.jpg 2000w\" sizes=\"(max-width: 199px) 100vw, 199px\" \/><\/a><\/p>\n<p style=\"text-align: center;\"><a href=\"http:\/\/redeccap.org.br\/blogcasaviva\/wp-content\/uploads\/2013\/08\/DSC_0051.jpg\"><img loading=\"lazy\" class=\"aligncenter size-medium wp-image-3162\" title=\"DSC_0051\" src=\"http:\/\/redeccap.org.br\/blogcasaviva\/wp-content\/uploads\/2013\/08\/DSC_0051-300x199.jpg\" alt=\"\" width=\"300\" height=\"199\" srcset=\"http:\/\/redeccap.org.br\/blogcasaviva\/wp-content\/uploads\/2013\/08\/DSC_0051-300x199.jpg 300w, http:\/\/redeccap.org.br\/blogcasaviva\/wp-content\/uploads\/2013\/08\/DSC_0051-1024x680.jpg 1024w\" sizes=\"(max-width: 300px) 100vw, 300px\" \/><\/a><\/p>\n<p style=\"text-align: center;\"><a href=\"http:\/\/redeccap.org.br\/blogcasaviva\/wp-content\/uploads\/2013\/08\/DSC_0075.jpg\"><img loading=\"lazy\" class=\"aligncenter size-medium wp-image-3163\" title=\"DSC_0075\" src=\"http:\/\/redeccap.org.br\/blogcasaviva\/wp-content\/uploads\/2013\/08\/DSC_0075-300x199.jpg\" alt=\"\" width=\"300\" height=\"199\" srcset=\"http:\/\/redeccap.org.br\/blogcasaviva\/wp-content\/uploads\/2013\/08\/DSC_0075-300x199.jpg 300w, http:\/\/redeccap.org.br\/blogcasaviva\/wp-content\/uploads\/2013\/08\/DSC_0075-1024x680.jpg 1024w\" sizes=\"(max-width: 300px) 100vw, 300px\" \/><\/a><\/p>\n","protected":false},"excerpt":{"rendered":"<p>No dia 13 de julho, aconteceu no Espa\u00e7o Casa Viva, a apresenta\u00e7\u00e3o bimestral da Escola de M\u00fasica de Manguinhos.<\/p>\n","protected":false},"author":2,"featured_media":0,"comment_status":"open","ping_status":"open","sticky":false,"template":"","format":"standard","meta":{"spay_email":""},"categories":[1],"tags":[],"jetpack_featured_media_url":"","yoast_head":"<!-- This site is optimized with the Yoast SEO plugin v14.8 - https:\/\/yoast.com\/wordpress\/plugins\/seo\/ -->\n<meta name=\"robots\" content=\"index, follow\" \/>\n<meta name=\"googlebot\" content=\"index, follow, max-snippet:-1, max-image-preview:large, max-video-preview:-1\" \/>\n<meta name=\"bingbot\" content=\"index, follow, max-snippet:-1, max-image-preview:large, max-video-preview:-1\" \/>\n<link rel=\"canonical\" href=\"http:\/\/redeccap.org.br\/blogcasaviva\/2013\/08\/26\/apresentacao-bimestral\/\" \/>\n<meta property=\"og:locale\" content=\"pt_BR\" \/>\n<meta property=\"og:type\" content=\"article\" \/>\n<meta property=\"og:title\" content=\"Apresenta\u00e7\u00e3o Bimestral - Espa\u00e7o Casa Viva\/RedeCCAP\" \/>\n<meta property=\"og:description\" content=\"No dia 13 de julho, aconteceu no Espa\u00e7o Casa Viva, a apresenta\u00e7\u00e3o bimestral da Escola de M\u00fasica de Manguinhos.\" \/>\n<meta property=\"og:url\" content=\"http:\/\/redeccap.org.br\/blogcasaviva\/2013\/08\/26\/apresentacao-bimestral\/\" \/>\n<meta property=\"og:site_name\" content=\"Espa\u00e7o Casa Viva\/RedeCCAP\" \/>\n<meta property=\"article:published_time\" content=\"2013-08-26T17:58:47+00:00\" \/>\n<meta property=\"og:image\" content=\"http:\/\/redeccap.org.br\/blogcasaviva\/wp-content\/uploads\/2013\/08\/33839_408354292614496_1534363733_n1-300x199.jpg\" \/>\n<meta name=\"twitter:card\" content=\"summary_large_image\" \/>\n<script type=\"application\/ld+json\" class=\"yoast-schema-graph\">{\"@context\":\"https:\/\/schema.org\",\"@graph\":[{\"@type\":\"WebSite\",\"@id\":\"http:\/\/redeccap.org.br\/blogcasaviva\/#website\",\"url\":\"http:\/\/redeccap.org.br\/blogcasaviva\/\",\"name\":\"Espa\\u00e7o Casa Viva\/RedeCCAP\",\"description\":\"\",\"potentialAction\":[{\"@type\":\"SearchAction\",\"target\":\"http:\/\/redeccap.org.br\/blogcasaviva\/?s={search_term_string}\",\"query-input\":\"required name=search_term_string\"}],\"inLanguage\":\"pt-BR\"},{\"@type\":\"ImageObject\",\"@id\":\"http:\/\/redeccap.org.br\/blogcasaviva\/2013\/08\/26\/apresentacao-bimestral\/#primaryimage\",\"inLanguage\":\"pt-BR\",\"url\":\"http:\/\/redeccap.org.br\/blogcasaviva\/wp-content\/uploads\/2013\/08\/33839_408354292614496_1534363733_n1.jpg\",\"width\":\"960\",\"height\":\"639\"},{\"@type\":\"WebPage\",\"@id\":\"http:\/\/redeccap.org.br\/blogcasaviva\/2013\/08\/26\/apresentacao-bimestral\/#webpage\",\"url\":\"http:\/\/redeccap.org.br\/blogcasaviva\/2013\/08\/26\/apresentacao-bimestral\/\",\"name\":\"Apresenta\\u00e7\\u00e3o Bimestral - Espa\\u00e7o Casa Viva\/RedeCCAP\",\"isPartOf\":{\"@id\":\"http:\/\/redeccap.org.br\/blogcasaviva\/#website\"},\"primaryImageOfPage\":{\"@id\":\"http:\/\/redeccap.org.br\/blogcasaviva\/2013\/08\/26\/apresentacao-bimestral\/#primaryimage\"},\"datePublished\":\"2013-08-26T17:58:47+00:00\",\"dateModified\":\"2013-08-26T17:58:47+00:00\",\"author\":{\"@id\":\"http:\/\/redeccap.org.br\/blogcasaviva\/#\/schema\/person\/d3a4d7d47e5711a03216769944a6e099\"},\"inLanguage\":\"pt-BR\",\"potentialAction\":[{\"@type\":\"ReadAction\",\"target\":[\"http:\/\/redeccap.org.br\/blogcasaviva\/2013\/08\/26\/apresentacao-bimestral\/\"]}]},{\"@type\":\"Person\",\"@id\":\"http:\/\/redeccap.org.br\/blogcasaviva\/#\/schema\/person\/d3a4d7d47e5711a03216769944a6e099\",\"name\":\"Cristiane Lima\",\"image\":{\"@type\":\"ImageObject\",\"@id\":\"http:\/\/redeccap.org.br\/blogcasaviva\/#personlogo\",\"inLanguage\":\"pt-BR\",\"url\":\"http:\/\/2.gravatar.com\/avatar\/ef7514b24301542f8ba66a53508f3b6a?s=96&d=mm&r=g\",\"caption\":\"Cristiane Lima\"}}]}<\/script>\n<!-- \/ Yoast SEO plugin. -->","_links":{"self":[{"href":"http:\/\/redeccap.org.br\/blogcasaviva\/wp-json\/wp\/v2\/posts\/3152"}],"collection":[{"href":"http:\/\/redeccap.org.br\/blogcasaviva\/wp-json\/wp\/v2\/posts"}],"about":[{"href":"http:\/\/redeccap.org.br\/blogcasaviva\/wp-json\/wp\/v2\/types\/post"}],"author":[{"embeddable":true,"href":"http:\/\/redeccap.org.br\/blogcasaviva\/wp-json\/wp\/v2\/users\/2"}],"replies":[{"embeddable":true,"href":"http:\/\/redeccap.org.br\/blogcasaviva\/wp-json\/wp\/v2\/comments?post=3152"}],"version-history":[{"count":4,"href":"http:\/\/redeccap.org.br\/blogcasaviva\/wp-json\/wp\/v2\/posts\/3152\/revisions"}],"predecessor-version":[{"id":4956,"href":"http:\/\/redeccap.org.br\/blogcasaviva\/wp-json\/wp\/v2\/posts\/3152\/revisions\/4956"}],"wp:attachment":[{"href":"http:\/\/redeccap.org.br\/blogcasaviva\/wp-json\/wp\/v2\/media?parent=3152"}],"wp:term":[{"taxonomy":"category","embeddable":true,"href":"http:\/\/redeccap.org.br\/blogcasaviva\/wp-json\/wp\/v2\/categories?post=3152"},{"taxonomy":"post_tag","embeddable":true,"href":"http:\/\/redeccap.org.br\/blogcasaviva\/wp-json\/wp\/v2\/tags?post=3152"}],"curies":[{"name":"wp","href":"https:\/\/api.w.org\/{rel}","templated":true}]}}