                                                                                                                                                                                                                                                                                                                                                                                                                                                                                                    {"id":3124,"date":"2013-06-20T11:30:11","date_gmt":"2013-06-20T14:30:11","guid":{"rendered":"http:\/\/redeccap.org.br\/blogcasaviva\/?p=3124"},"modified":"2013-06-20T11:30:11","modified_gmt":"2013-06-20T14:30:11","slug":"fiocruz-pra-voce","status":"publish","type":"post","link":"http:\/\/redeccap.org.br\/blogcasaviva\/2013\/06\/20\/fiocruz-pra-voce\/","title":{"rendered":"Fiocruz pra Voc\u00ea"},"content":{"rendered":"<p>Mais uma vez o Espa\u00e7o Casa Viva, participou e abrilhantou na FIOCRUZ pra Voc\u00ea, no dia 08 de junho. Vejam as fotos.<\/p>\n<p style=\"text-align: center;\">\n<p style=\"text-align: center;\"><a href=\"http:\/\/redeccap.org.br\/blogcasaviva\/wp-content\/uploads\/2013\/06\/947115_668007719881228_1398624319_n.jpg\"><img loading=\"lazy\" class=\"aligncenter size-medium wp-image-3127\" title=\"947115_668007719881228_1398624319_n\" src=\"http:\/\/redeccap.org.br\/blogcasaviva\/wp-content\/uploads\/2013\/06\/947115_668007719881228_1398624319_n-300x225.jpg\" alt=\"\" width=\"300\" height=\"225\" srcset=\"http:\/\/redeccap.org.br\/blogcasaviva\/wp-content\/uploads\/2013\/06\/947115_668007719881228_1398624319_n-300x225.jpg 300w, http:\/\/redeccap.org.br\/blogcasaviva\/wp-content\/uploads\/2013\/06\/947115_668007719881228_1398624319_n.jpg 960w\" sizes=\"(max-width: 300px) 100vw, 300px\" \/><\/a><\/p>\n<p style=\"text-align: center;\"><a href=\"http:\/\/redeccap.org.br\/blogcasaviva\/wp-content\/uploads\/2013\/06\/5834_668006663214667_1998326015_n.jpg\"><img loading=\"lazy\" class=\"aligncenter size-medium wp-image-3128\" title=\"5834_668006663214667_1998326015_n\" src=\"http:\/\/redeccap.org.br\/blogcasaviva\/wp-content\/uploads\/2013\/06\/5834_668006663214667_1998326015_n-225x300.jpg\" alt=\"\" width=\"225\" height=\"300\" srcset=\"http:\/\/redeccap.org.br\/blogcasaviva\/wp-content\/uploads\/2013\/06\/5834_668006663214667_1998326015_n-225x300.jpg 225w, http:\/\/redeccap.org.br\/blogcasaviva\/wp-content\/uploads\/2013\/06\/5834_668006663214667_1998326015_n.jpg 720w\" sizes=\"(max-width: 225px) 100vw, 225px\" \/><\/a><\/p>\n<p style=\"text-align: center;\"><a href=\"http:\/\/redeccap.org.br\/blogcasaviva\/wp-content\/uploads\/2013\/06\/paisagem.jpg\"><img loading=\"lazy\" class=\"aligncenter size-medium wp-image-3129\" title=\"paisagem\" src=\"http:\/\/redeccap.org.br\/blogcasaviva\/wp-content\/uploads\/2013\/06\/paisagem-300x199.jpg\" alt=\"\" width=\"300\" height=\"199\" srcset=\"http:\/\/redeccap.org.br\/blogcasaviva\/wp-content\/uploads\/2013\/06\/paisagem-300x199.jpg 300w, http:\/\/redeccap.org.br\/blogcasaviva\/wp-content\/uploads\/2013\/06\/paisagem.jpg 1024w\" sizes=\"(max-width: 300px) 100vw, 300px\" \/><\/a><\/p>\n<p style=\"text-align: center;\"><a href=\"http:\/\/redeccap.org.br\/blogcasaviva\/wp-content\/uploads\/2013\/06\/paisagem-4.jpg\"><img loading=\"lazy\" class=\"aligncenter size-medium wp-image-3130\" title=\"paisagem-4\" src=\"http:\/\/redeccap.org.br\/blogcasaviva\/wp-content\/uploads\/2013\/06\/paisagem-4-300x199.jpg\" alt=\"\" width=\"300\" height=\"199\" srcset=\"http:\/\/redeccap.org.br\/blogcasaviva\/wp-content\/uploads\/2013\/06\/paisagem-4-300x199.jpg 300w, http:\/\/redeccap.org.br\/blogcasaviva\/wp-content\/uploads\/2013\/06\/paisagem-4.jpg 1024w\" sizes=\"(max-width: 300px) 100vw, 300px\" \/><\/a><\/p>\n<p style=\"text-align: center;\"><a href=\"http:\/\/redeccap.org.br\/blogcasaviva\/wp-content\/uploads\/2013\/06\/paisagem-6.jpg\"><img loading=\"lazy\" class=\"aligncenter size-medium wp-image-3131\" title=\"paisagem-6\" src=\"http:\/\/redeccap.org.br\/blogcasaviva\/wp-content\/uploads\/2013\/06\/paisagem-6-199x300.jpg\" alt=\"\" width=\"199\" height=\"300\" srcset=\"http:\/\/redeccap.org.br\/blogcasaviva\/wp-content\/uploads\/2013\/06\/paisagem-6-199x300.jpg 199w, http:\/\/redeccap.org.br\/blogcasaviva\/wp-content\/uploads\/2013\/06\/paisagem-6.jpg 519w\" sizes=\"(max-width: 199px) 100vw, 199px\" \/><\/a><\/p>\n","protected":false},"excerpt":{"rendered":"<p>Mais uma vez o Espa\u00e7o Casa Viva, participou e abrilhantou na FIOCRUZ pra Voc\u00ea, no dia 08 de junho. Vejam as fotos.<\/p>\n","protected":false},"author":2,"featured_media":0,"comment_status":"open","ping_status":"open","sticky":false,"template":"","format":"standard","meta":{"spay_email":""},"categories":[1],"tags":[],"jetpack_featured_media_url":"","yoast_head":"<!-- This site is optimized with the Yoast SEO plugin v14.8 - https:\/\/yoast.com\/wordpress\/plugins\/seo\/ -->\n<meta name=\"robots\" content=\"index, follow\" \/>\n<meta name=\"googlebot\" content=\"index, follow, max-snippet:-1, max-image-preview:large, max-video-preview:-1\" \/>\n<meta name=\"bingbot\" content=\"index, follow, max-snippet:-1, max-image-preview:large, max-video-preview:-1\" \/>\n<link rel=\"canonical\" href=\"http:\/\/redeccap.org.br\/blogcasaviva\/2013\/06\/20\/fiocruz-pra-voce\/\" \/>\n<meta property=\"og:locale\" content=\"pt_BR\" \/>\n<meta property=\"og:type\" content=\"article\" \/>\n<meta property=\"og:title\" content=\"Fiocruz pra Voc\u00ea - Espa\u00e7o Casa Viva\/RedeCCAP\" \/>\n<meta property=\"og:description\" content=\"Mais uma vez o Espa\u00e7o Casa Viva, participou e abrilhantou na FIOCRUZ pra Voc\u00ea, no dia 08 de junho. Vejam as fotos.\" \/>\n<meta property=\"og:url\" content=\"http:\/\/redeccap.org.br\/blogcasaviva\/2013\/06\/20\/fiocruz-pra-voce\/\" \/>\n<meta property=\"og:site_name\" content=\"Espa\u00e7o Casa Viva\/RedeCCAP\" \/>\n<meta property=\"article:published_time\" content=\"2013-06-20T14:30:11+00:00\" \/>\n<meta property=\"og:image\" content=\"http:\/\/redeccap.org.br\/blogcasaviva\/wp-content\/uploads\/2013\/06\/947115_668007719881228_1398624319_n-300x225.jpg\" \/>\n<meta name=\"twitter:card\" content=\"summary_large_image\" \/>\n<script type=\"application\/ld+json\" class=\"yoast-schema-graph\">{\"@context\":\"https:\/\/schema.org\",\"@graph\":[{\"@type\":\"WebSite\",\"@id\":\"http:\/\/redeccap.org.br\/blogcasaviva\/#website\",\"url\":\"http:\/\/redeccap.org.br\/blogcasaviva\/\",\"name\":\"Espa\\u00e7o Casa Viva\/RedeCCAP\",\"description\":\"\",\"potentialAction\":[{\"@type\":\"SearchAction\",\"target\":\"http:\/\/redeccap.org.br\/blogcasaviva\/?s={search_term_string}\",\"query-input\":\"required name=search_term_string\"}],\"inLanguage\":\"pt-BR\"},{\"@type\":\"ImageObject\",\"@id\":\"http:\/\/redeccap.org.br\/blogcasaviva\/2013\/06\/20\/fiocruz-pra-voce\/#primaryimage\",\"inLanguage\":\"pt-BR\",\"url\":\"http:\/\/redeccap.org.br\/blogcasaviva\/wp-content\/uploads\/2013\/06\/947115_668007719881228_1398624319_n.jpg\",\"width\":\"960\",\"height\":\"720\"},{\"@type\":\"WebPage\",\"@id\":\"http:\/\/redeccap.org.br\/blogcasaviva\/2013\/06\/20\/fiocruz-pra-voce\/#webpage\",\"url\":\"http:\/\/redeccap.org.br\/blogcasaviva\/2013\/06\/20\/fiocruz-pra-voce\/\",\"name\":\"Fiocruz pra Voc\\u00ea - Espa\\u00e7o Casa Viva\/RedeCCAP\",\"isPartOf\":{\"@id\":\"http:\/\/redeccap.org.br\/blogcasaviva\/#website\"},\"primaryImageOfPage\":{\"@id\":\"http:\/\/redeccap.org.br\/blogcasaviva\/2013\/06\/20\/fiocruz-pra-voce\/#primaryimage\"},\"datePublished\":\"2013-06-20T14:30:11+00:00\",\"dateModified\":\"2013-06-20T14:30:11+00:00\",\"author\":{\"@id\":\"http:\/\/redeccap.org.br\/blogcasaviva\/#\/schema\/person\/d3a4d7d47e5711a03216769944a6e099\"},\"inLanguage\":\"pt-BR\",\"potentialAction\":[{\"@type\":\"ReadAction\",\"target\":[\"http:\/\/redeccap.org.br\/blogcasaviva\/2013\/06\/20\/fiocruz-pra-voce\/\"]}]},{\"@type\":\"Person\",\"@id\":\"http:\/\/redeccap.org.br\/blogcasaviva\/#\/schema\/person\/d3a4d7d47e5711a03216769944a6e099\",\"name\":\"Cristiane Lima\",\"image\":{\"@type\":\"ImageObject\",\"@id\":\"http:\/\/redeccap.org.br\/blogcasaviva\/#personlogo\",\"inLanguage\":\"pt-BR\",\"url\":\"http:\/\/2.gravatar.com\/avatar\/ef7514b24301542f8ba66a53508f3b6a?s=96&d=mm&r=g\",\"caption\":\"Cristiane Lima\"}}]}<\/script>\n<!-- \/ Yoast SEO plugin. -->","_links":{"self":[{"href":"http:\/\/redeccap.org.br\/blogcasaviva\/wp-json\/wp\/v2\/posts\/3124"}],"collection":[{"href":"http:\/\/redeccap.org.br\/blogcasaviva\/wp-json\/wp\/v2\/posts"}],"about":[{"href":"http:\/\/redeccap.org.br\/blogcasaviva\/wp-json\/wp\/v2\/types\/post"}],"author":[{"embeddable":true,"href":"http:\/\/redeccap.org.br\/blogcasaviva\/wp-json\/wp\/v2\/users\/2"}],"replies":[{"embeddable":true,"href":"http:\/\/redeccap.org.br\/blogcasaviva\/wp-json\/wp\/v2\/comments?post=3124"}],"version-history":[{"count":4,"href":"http:\/\/redeccap.org.br\/blogcasaviva\/wp-json\/wp\/v2\/posts\/3124\/revisions"}],"predecessor-version":[{"id":4960,"href":"http:\/\/redeccap.org.br\/blogcasaviva\/wp-json\/wp\/v2\/posts\/3124\/revisions\/4960"}],"wp:attachment":[{"href":"http:\/\/redeccap.org.br\/blogcasaviva\/wp-json\/wp\/v2\/media?parent=3124"}],"wp:term":[{"taxonomy":"category","embeddable":true,"href":"http:\/\/redeccap.org.br\/blogcasaviva\/wp-json\/wp\/v2\/categories?post=3124"},{"taxonomy":"post_tag","embeddable":true,"href":"http:\/\/redeccap.org.br\/blogcasaviva\/wp-json\/wp\/v2\/tags?post=3124"}],"curies":[{"name":"wp","href":"https:\/\/api.w.org\/{rel}","templated":true}]}}