                                                                                                                                                                                                                                                                                                                                                                                                                                                                                                    {"id":3045,"date":"2013-04-18T11:28:10","date_gmt":"2013-04-18T14:28:10","guid":{"rendered":"http:\/\/redeccap.org.br\/blogcasaviva\/?p=3045"},"modified":"2013-04-18T11:28:58","modified_gmt":"2013-04-18T14:28:58","slug":"celebrando-o-celebro","status":"publish","type":"post","link":"http:\/\/redeccap.org.br\/blogcasaviva\/2013\/04\/18\/celebrando-o-celebro\/","title":{"rendered":"Celebrando o C\u00e9lebro"},"content":{"rendered":"<p>A Oficina Portinari e o Museu da vida\/FIOCRUZ, realizar\u00e3o nos dias 25, 26 e 27 atividades, oficinas e exposi\u00e7\u00f5es sobre o tema: Neuro Emo\u00e7\u00f5es : Celebrando o c\u00e9lebro. Venha nos prestigiar!!!!!!!!!!!!!!!!!<\/p>\n<p><a href=\"http:\/\/redeccap.org.br\/blogcasaviva\/wp-content\/uploads\/2013\/04\/cartaz-oficina.jpg\"><img loading=\"lazy\" class=\"aligncenter size-medium wp-image-3047\" title=\"cartaz oficina\" src=\"http:\/\/redeccap.org.br\/blogcasaviva\/wp-content\/uploads\/2013\/04\/cartaz-oficina-210x300.jpg\" alt=\"\" width=\"210\" height=\"300\" srcset=\"http:\/\/redeccap.org.br\/blogcasaviva\/wp-content\/uploads\/2013\/04\/cartaz-oficina-210x300.jpg 210w, http:\/\/redeccap.org.br\/blogcasaviva\/wp-content\/uploads\/2013\/04\/cartaz-oficina.jpg 673w\" sizes=\"(max-width: 210px) 100vw, 210px\" \/><\/a><\/p>\n","protected":false},"excerpt":{"rendered":"<p>A Oficina Portinari e o Museu da vida\/FIOCRUZ, realizar\u00e3o nos dias 25, 26 e 27 atividades, oficinas e exposi\u00e7\u00f5es sobre o tema: Neuro Emo\u00e7\u00f5es : Celebrando o c\u00e9lebro. Venha nos prestigiar!!!!!!!!!!!!!!!!!<\/p>\n","protected":false},"author":2,"featured_media":0,"comment_status":"open","ping_status":"open","sticky":false,"template":"","format":"standard","meta":{"spay_email":""},"categories":[1],"tags":[],"jetpack_featured_media_url":"","yoast_head":"<!-- This site is optimized with the Yoast SEO plugin v14.8 - https:\/\/yoast.com\/wordpress\/plugins\/seo\/ -->\n<meta name=\"robots\" content=\"index, follow\" \/>\n<meta name=\"googlebot\" content=\"index, follow, max-snippet:-1, max-image-preview:large, max-video-preview:-1\" \/>\n<meta name=\"bingbot\" content=\"index, follow, max-snippet:-1, max-image-preview:large, max-video-preview:-1\" \/>\n<link rel=\"canonical\" href=\"http:\/\/redeccap.org.br\/blogcasaviva\/2013\/04\/18\/celebrando-o-celebro\/\" \/>\n<meta property=\"og:locale\" content=\"pt_BR\" \/>\n<meta property=\"og:type\" content=\"article\" \/>\n<meta property=\"og:title\" content=\"Celebrando o C\u00e9lebro - Espa\u00e7o Casa Viva\/RedeCCAP\" \/>\n<meta property=\"og:description\" content=\"A Oficina Portinari e o Museu da vida\/FIOCRUZ, realizar\u00e3o nos dias 25, 26 e 27 atividades, oficinas e exposi\u00e7\u00f5es sobre o tema: Neuro Emo\u00e7\u00f5es : Celebrando o c\u00e9lebro. Venha nos prestigiar!!!!!!!!!!!!!!!!!\" \/>\n<meta property=\"og:url\" content=\"http:\/\/redeccap.org.br\/blogcasaviva\/2013\/04\/18\/celebrando-o-celebro\/\" \/>\n<meta property=\"og:site_name\" content=\"Espa\u00e7o Casa Viva\/RedeCCAP\" \/>\n<meta property=\"article:published_time\" content=\"2013-04-18T14:28:10+00:00\" \/>\n<meta property=\"article:modified_time\" content=\"2013-04-18T14:28:58+00:00\" \/>\n<meta property=\"og:image\" content=\"http:\/\/redeccap.org.br\/blogcasaviva\/wp-content\/uploads\/2013\/04\/cartaz-oficina-210x300.jpg\" \/>\n<meta name=\"twitter:card\" content=\"summary_large_image\" \/>\n<script type=\"application\/ld+json\" class=\"yoast-schema-graph\">{\"@context\":\"https:\/\/schema.org\",\"@graph\":[{\"@type\":\"WebSite\",\"@id\":\"http:\/\/redeccap.org.br\/blogcasaviva\/#website\",\"url\":\"http:\/\/redeccap.org.br\/blogcasaviva\/\",\"name\":\"Espa\\u00e7o Casa Viva\/RedeCCAP\",\"description\":\"\",\"potentialAction\":[{\"@type\":\"SearchAction\",\"target\":\"http:\/\/redeccap.org.br\/blogcasaviva\/?s={search_term_string}\",\"query-input\":\"required name=search_term_string\"}],\"inLanguage\":\"pt-BR\"},{\"@type\":\"ImageObject\",\"@id\":\"http:\/\/redeccap.org.br\/blogcasaviva\/2013\/04\/18\/celebrando-o-celebro\/#primaryimage\",\"inLanguage\":\"pt-BR\",\"url\":\"http:\/\/redeccap.org.br\/blogcasaviva\/wp-content\/uploads\/2013\/04\/cartaz-oficina.jpg\",\"width\":\"673\",\"height\":\"960\"},{\"@type\":\"WebPage\",\"@id\":\"http:\/\/redeccap.org.br\/blogcasaviva\/2013\/04\/18\/celebrando-o-celebro\/#webpage\",\"url\":\"http:\/\/redeccap.org.br\/blogcasaviva\/2013\/04\/18\/celebrando-o-celebro\/\",\"name\":\"Celebrando o C\\u00e9lebro - Espa\\u00e7o Casa Viva\/RedeCCAP\",\"isPartOf\":{\"@id\":\"http:\/\/redeccap.org.br\/blogcasaviva\/#website\"},\"primaryImageOfPage\":{\"@id\":\"http:\/\/redeccap.org.br\/blogcasaviva\/2013\/04\/18\/celebrando-o-celebro\/#primaryimage\"},\"datePublished\":\"2013-04-18T14:28:10+00:00\",\"dateModified\":\"2013-04-18T14:28:58+00:00\",\"author\":{\"@id\":\"http:\/\/redeccap.org.br\/blogcasaviva\/#\/schema\/person\/d3a4d7d47e5711a03216769944a6e099\"},\"inLanguage\":\"pt-BR\",\"potentialAction\":[{\"@type\":\"ReadAction\",\"target\":[\"http:\/\/redeccap.org.br\/blogcasaviva\/2013\/04\/18\/celebrando-o-celebro\/\"]}]},{\"@type\":\"Person\",\"@id\":\"http:\/\/redeccap.org.br\/blogcasaviva\/#\/schema\/person\/d3a4d7d47e5711a03216769944a6e099\",\"name\":\"Cristiane Lima\",\"image\":{\"@type\":\"ImageObject\",\"@id\":\"http:\/\/redeccap.org.br\/blogcasaviva\/#personlogo\",\"inLanguage\":\"pt-BR\",\"url\":\"http:\/\/2.gravatar.com\/avatar\/ef7514b24301542f8ba66a53508f3b6a?s=96&d=mm&r=g\",\"caption\":\"Cristiane Lima\"}}]}<\/script>\n<!-- \/ Yoast SEO plugin. -->","_links":{"self":[{"href":"http:\/\/redeccap.org.br\/blogcasaviva\/wp-json\/wp\/v2\/posts\/3045"}],"collection":[{"href":"http:\/\/redeccap.org.br\/blogcasaviva\/wp-json\/wp\/v2\/posts"}],"about":[{"href":"http:\/\/redeccap.org.br\/blogcasaviva\/wp-json\/wp\/v2\/types\/post"}],"author":[{"embeddable":true,"href":"http:\/\/redeccap.org.br\/blogcasaviva\/wp-json\/wp\/v2\/users\/2"}],"replies":[{"embeddable":true,"href":"http:\/\/redeccap.org.br\/blogcasaviva\/wp-json\/wp\/v2\/comments?post=3045"}],"version-history":[{"count":7,"href":"http:\/\/redeccap.org.br\/blogcasaviva\/wp-json\/wp\/v2\/posts\/3045\/revisions"}],"predecessor-version":[{"id":4967,"href":"http:\/\/redeccap.org.br\/blogcasaviva\/wp-json\/wp\/v2\/posts\/3045\/revisions\/4967"}],"wp:attachment":[{"href":"http:\/\/redeccap.org.br\/blogcasaviva\/wp-json\/wp\/v2\/media?parent=3045"}],"wp:term":[{"taxonomy":"category","embeddable":true,"href":"http:\/\/redeccap.org.br\/blogcasaviva\/wp-json\/wp\/v2\/categories?post=3045"},{"taxonomy":"post_tag","embeddable":true,"href":"http:\/\/redeccap.org.br\/blogcasaviva\/wp-json\/wp\/v2\/tags?post=3045"}],"curies":[{"name":"wp","href":"https:\/\/api.w.org\/{rel}","templated":true}]}}