                                                                                                                                                                                                                                                                                                                                                                                                                                                                                                    {"id":3000,"date":"2013-03-11T14:01:11","date_gmt":"2013-03-11T17:01:11","guid":{"rendered":"http:\/\/redeccap.org.br\/blogcasaviva\/?p=3000"},"modified":"2013-03-11T14:01:46","modified_gmt":"2013-03-11T17:01:46","slug":"3000","status":"publish","type":"post","link":"http:\/\/redeccap.org.br\/blogcasaviva\/2013\/03\/11\/3000\/","title":{"rendered":"Aul\u00e3o nas f\u00e9rias"},"content":{"rendered":"<p style=\"text-align: center;\">Mesmo nas f\u00e9rias os alunos tiveram a oportunidade de participar de um aul\u00e3o com o professor Emerson de saxofone.<\/p>\n<p style=\"text-align: center;\"><a href=\"http:\/\/redeccap.org.br\/blogcasaviva\/wp-content\/uploads\/2013\/03\/DSC04682.jpg\"><img loading=\"lazy\" class=\"aligncenter size-medium wp-image-3002\" title=\"DSC04682\" src=\"http:\/\/redeccap.org.br\/blogcasaviva\/wp-content\/uploads\/2013\/03\/DSC04682-300x225.jpg\" alt=\"\" width=\"300\" height=\"225\" srcset=\"http:\/\/redeccap.org.br\/blogcasaviva\/wp-content\/uploads\/2013\/03\/DSC04682-300x225.jpg 300w, http:\/\/redeccap.org.br\/blogcasaviva\/wp-content\/uploads\/2013\/03\/DSC04682-1024x768.jpg 1024w\" sizes=\"(max-width: 300px) 100vw, 300px\" \/><\/a><\/p>\n<p style=\"text-align: center;\"><a href=\"http:\/\/redeccap.org.br\/blogcasaviva\/wp-content\/uploads\/2013\/03\/DSC04686.jpg\"><img loading=\"lazy\" class=\"aligncenter size-medium wp-image-3003\" title=\"DSC04686\" src=\"http:\/\/redeccap.org.br\/blogcasaviva\/wp-content\/uploads\/2013\/03\/DSC04686-300x225.jpg\" alt=\"\" width=\"300\" height=\"225\" srcset=\"http:\/\/redeccap.org.br\/blogcasaviva\/wp-content\/uploads\/2013\/03\/DSC04686-300x225.jpg 300w, http:\/\/redeccap.org.br\/blogcasaviva\/wp-content\/uploads\/2013\/03\/DSC04686-1024x768.jpg 1024w\" sizes=\"(max-width: 300px) 100vw, 300px\" \/><\/a><\/p>\n","protected":false},"excerpt":{"rendered":"<p>Mesmo nas f\u00e9rias os alunos tiveram a oportunidade de participar de um aul\u00e3o com o professor Emerson de saxofone.<\/p>\n","protected":false},"author":2,"featured_media":0,"comment_status":"open","ping_status":"open","sticky":false,"template":"","format":"standard","meta":{"spay_email":""},"categories":[1],"tags":[],"jetpack_featured_media_url":"","yoast_head":"<!-- This site is optimized with the Yoast SEO plugin v14.8 - https:\/\/yoast.com\/wordpress\/plugins\/seo\/ -->\n<meta name=\"robots\" content=\"index, follow\" \/>\n<meta name=\"googlebot\" content=\"index, follow, max-snippet:-1, max-image-preview:large, max-video-preview:-1\" \/>\n<meta name=\"bingbot\" content=\"index, follow, max-snippet:-1, max-image-preview:large, max-video-preview:-1\" \/>\n<link rel=\"canonical\" href=\"http:\/\/redeccap.org.br\/blogcasaviva\/2013\/03\/11\/3000\/\" \/>\n<meta property=\"og:locale\" content=\"pt_BR\" \/>\n<meta property=\"og:type\" content=\"article\" \/>\n<meta property=\"og:title\" content=\"Aul\u00e3o nas f\u00e9rias - Espa\u00e7o Casa Viva\/RedeCCAP\" \/>\n<meta property=\"og:description\" content=\"Mesmo nas f\u00e9rias os alunos tiveram a oportunidade de participar de um aul\u00e3o com o professor Emerson de saxofone.\" \/>\n<meta property=\"og:url\" content=\"http:\/\/redeccap.org.br\/blogcasaviva\/2013\/03\/11\/3000\/\" \/>\n<meta property=\"og:site_name\" content=\"Espa\u00e7o Casa Viva\/RedeCCAP\" \/>\n<meta property=\"article:published_time\" content=\"2013-03-11T17:01:11+00:00\" \/>\n<meta property=\"article:modified_time\" content=\"2013-03-11T17:01:46+00:00\" \/>\n<meta property=\"og:image\" content=\"http:\/\/redeccap.org.br\/blogcasaviva\/wp-content\/uploads\/2013\/03\/DSC04682-300x225.jpg\" \/>\n<meta name=\"twitter:card\" content=\"summary_large_image\" \/>\n<script type=\"application\/ld+json\" class=\"yoast-schema-graph\">{\"@context\":\"https:\/\/schema.org\",\"@graph\":[{\"@type\":\"WebSite\",\"@id\":\"http:\/\/redeccap.org.br\/blogcasaviva\/#website\",\"url\":\"http:\/\/redeccap.org.br\/blogcasaviva\/\",\"name\":\"Espa\\u00e7o Casa Viva\/RedeCCAP\",\"description\":\"\",\"potentialAction\":[{\"@type\":\"SearchAction\",\"target\":\"http:\/\/redeccap.org.br\/blogcasaviva\/?s={search_term_string}\",\"query-input\":\"required name=search_term_string\"}],\"inLanguage\":\"pt-BR\"},{\"@type\":\"ImageObject\",\"@id\":\"http:\/\/redeccap.org.br\/blogcasaviva\/2013\/03\/11\/3000\/#primaryimage\",\"inLanguage\":\"pt-BR\",\"url\":\"http:\/\/redeccap.org.br\/blogcasaviva\/wp-content\/uploads\/2013\/03\/DSC04682.jpg\",\"width\":\"4608\",\"height\":\"3456\"},{\"@type\":\"WebPage\",\"@id\":\"http:\/\/redeccap.org.br\/blogcasaviva\/2013\/03\/11\/3000\/#webpage\",\"url\":\"http:\/\/redeccap.org.br\/blogcasaviva\/2013\/03\/11\/3000\/\",\"name\":\"Aul\\u00e3o nas f\\u00e9rias - Espa\\u00e7o Casa Viva\/RedeCCAP\",\"isPartOf\":{\"@id\":\"http:\/\/redeccap.org.br\/blogcasaviva\/#website\"},\"primaryImageOfPage\":{\"@id\":\"http:\/\/redeccap.org.br\/blogcasaviva\/2013\/03\/11\/3000\/#primaryimage\"},\"datePublished\":\"2013-03-11T17:01:11+00:00\",\"dateModified\":\"2013-03-11T17:01:46+00:00\",\"author\":{\"@id\":\"http:\/\/redeccap.org.br\/blogcasaviva\/#\/schema\/person\/d3a4d7d47e5711a03216769944a6e099\"},\"inLanguage\":\"pt-BR\",\"potentialAction\":[{\"@type\":\"ReadAction\",\"target\":[\"http:\/\/redeccap.org.br\/blogcasaviva\/2013\/03\/11\/3000\/\"]}]},{\"@type\":\"Person\",\"@id\":\"http:\/\/redeccap.org.br\/blogcasaviva\/#\/schema\/person\/d3a4d7d47e5711a03216769944a6e099\",\"name\":\"Cristiane Lima\",\"image\":{\"@type\":\"ImageObject\",\"@id\":\"http:\/\/redeccap.org.br\/blogcasaviva\/#personlogo\",\"inLanguage\":\"pt-BR\",\"url\":\"http:\/\/2.gravatar.com\/avatar\/ef7514b24301542f8ba66a53508f3b6a?s=96&d=mm&r=g\",\"caption\":\"Cristiane Lima\"}}]}<\/script>\n<!-- \/ Yoast SEO plugin. -->","_links":{"self":[{"href":"http:\/\/redeccap.org.br\/blogcasaviva\/wp-json\/wp\/v2\/posts\/3000"}],"collection":[{"href":"http:\/\/redeccap.org.br\/blogcasaviva\/wp-json\/wp\/v2\/posts"}],"about":[{"href":"http:\/\/redeccap.org.br\/blogcasaviva\/wp-json\/wp\/v2\/types\/post"}],"author":[{"embeddable":true,"href":"http:\/\/redeccap.org.br\/blogcasaviva\/wp-json\/wp\/v2\/users\/2"}],"replies":[{"embeddable":true,"href":"http:\/\/redeccap.org.br\/blogcasaviva\/wp-json\/wp\/v2\/comments?post=3000"}],"version-history":[{"count":5,"href":"http:\/\/redeccap.org.br\/blogcasaviva\/wp-json\/wp\/v2\/posts\/3000\/revisions"}],"predecessor-version":[{"id":4971,"href":"http:\/\/redeccap.org.br\/blogcasaviva\/wp-json\/wp\/v2\/posts\/3000\/revisions\/4971"}],"wp:attachment":[{"href":"http:\/\/redeccap.org.br\/blogcasaviva\/wp-json\/wp\/v2\/media?parent=3000"}],"wp:term":[{"taxonomy":"category","embeddable":true,"href":"http:\/\/redeccap.org.br\/blogcasaviva\/wp-json\/wp\/v2\/categories?post=3000"},{"taxonomy":"post_tag","embeddable":true,"href":"http:\/\/redeccap.org.br\/blogcasaviva\/wp-json\/wp\/v2\/tags?post=3000"}],"curies":[{"name":"wp","href":"https:\/\/api.w.org\/{rel}","templated":true}]}}