                                                                                                                                                                                                                                                                                                                                                                                                                                                                                                    {"id":2974,"date":"2013-03-08T15:48:20","date_gmt":"2013-03-08T18:48:20","guid":{"rendered":"http:\/\/redeccap.org.br\/blogcasaviva\/?p=2974"},"modified":"2013-03-11T11:41:15","modified_gmt":"2013-03-11T14:41:15","slug":"dia-internacional-da-mulher-2","status":"publish","type":"post","link":"http:\/\/redeccap.org.br\/blogcasaviva\/2013\/03\/08\/dia-internacional-da-mulher-2\/","title":{"rendered":"Dia Internacional da Mulher"},"content":{"rendered":"<p style=\"text-align: center;\"><a href=\"http:\/\/redeccap.org.br\/blogcasaviva\/wp-content\/uploads\/2013\/03\/DSC08447.jpg\"><img loading=\"lazy\" class=\"aligncenter size-medium wp-image-2980\" title=\"DSC08447\" src=\"http:\/\/redeccap.org.br\/blogcasaviva\/wp-content\/uploads\/2013\/03\/DSC08447-300x225.jpg\" alt=\"\" width=\"300\" height=\"225\" srcset=\"http:\/\/redeccap.org.br\/blogcasaviva\/wp-content\/uploads\/2013\/03\/DSC08447-300x225.jpg 300w, http:\/\/redeccap.org.br\/blogcasaviva\/wp-content\/uploads\/2013\/03\/DSC08447-1024x768.jpg 1024w\" sizes=\"(max-width: 300px) 100vw, 300px\" \/><\/a>O Espa\u00e7o Casa Viva quer homenagear as todas mulheres por esse dia t\u00e3o especial.E as mulheres do Espa\u00e7o Casa Viva receberam uma linda lembrancinha por esse dia t\u00e3o especial.<\/p>\n<p><a href=\"http:\/\/redeccap.org.br\/blogcasaviva\/wp-content\/uploads\/2013\/03\/Sem-T\u00edtulo2.jpg\"><img loading=\"lazy\" class=\"aligncenter size-medium wp-image-2975\" title=\"Sem T\u00edtulo2\" src=\"http:\/\/redeccap.org.br\/blogcasaviva\/wp-content\/uploads\/2013\/03\/Sem-T\u00edtulo2-212x300.jpg\" alt=\"\" width=\"212\" height=\"300\" srcset=\"http:\/\/redeccap.org.br\/blogcasaviva\/wp-content\/uploads\/2013\/03\/Sem-T\u00edtulo2-212x300.jpg 212w, http:\/\/redeccap.org.br\/blogcasaviva\/wp-content\/uploads\/2013\/03\/Sem-T\u00edtulo2.jpg 478w\" sizes=\"(max-width: 212px) 100vw, 212px\" \/><\/a><\/p>\n<p>&nbsp;<\/p>\n","protected":false},"excerpt":{"rendered":"<p>O Espa\u00e7o Casa Viva quer homenagear as todas mulheres por esse dia t\u00e3o especial.E as mulheres do Espa\u00e7o Casa Viva receberam uma linda lembrancinha por esse dia t\u00e3o especial. &nbsp;<\/p>\n","protected":false},"author":2,"featured_media":0,"comment_status":"open","ping_status":"open","sticky":false,"template":"","format":"standard","meta":{"spay_email":""},"categories":[1],"tags":[],"jetpack_featured_media_url":"","yoast_head":"<!-- This site is optimized with the Yoast SEO plugin v14.8 - https:\/\/yoast.com\/wordpress\/plugins\/seo\/ -->\n<meta name=\"robots\" content=\"index, follow\" \/>\n<meta name=\"googlebot\" content=\"index, follow, max-snippet:-1, max-image-preview:large, max-video-preview:-1\" \/>\n<meta name=\"bingbot\" content=\"index, follow, max-snippet:-1, max-image-preview:large, max-video-preview:-1\" \/>\n<link rel=\"canonical\" href=\"http:\/\/redeccap.org.br\/blogcasaviva\/2013\/03\/08\/dia-internacional-da-mulher-2\/\" \/>\n<meta property=\"og:locale\" content=\"pt_BR\" \/>\n<meta property=\"og:type\" content=\"article\" \/>\n<meta property=\"og:title\" content=\"Dia Internacional da Mulher - Espa\u00e7o Casa Viva\/RedeCCAP\" \/>\n<meta property=\"og:description\" content=\"O Espa\u00e7o Casa Viva quer homenagear as todas mulheres por esse dia t\u00e3o especial.E as mulheres do Espa\u00e7o Casa Viva receberam uma linda lembrancinha por esse dia t\u00e3o especial. &nbsp;\" \/>\n<meta property=\"og:url\" content=\"http:\/\/redeccap.org.br\/blogcasaviva\/2013\/03\/08\/dia-internacional-da-mulher-2\/\" \/>\n<meta property=\"og:site_name\" content=\"Espa\u00e7o Casa Viva\/RedeCCAP\" \/>\n<meta property=\"article:published_time\" content=\"2013-03-08T18:48:20+00:00\" \/>\n<meta property=\"article:modified_time\" content=\"2013-03-11T14:41:15+00:00\" \/>\n<meta property=\"og:image\" content=\"http:\/\/redeccap.org.br\/blogcasaviva\/wp-content\/uploads\/2013\/03\/DSC08447-300x225.jpg\" \/>\n<meta name=\"twitter:card\" content=\"summary_large_image\" \/>\n<script type=\"application\/ld+json\" class=\"yoast-schema-graph\">{\"@context\":\"https:\/\/schema.org\",\"@graph\":[{\"@type\":\"WebSite\",\"@id\":\"http:\/\/redeccap.org.br\/blogcasaviva\/#website\",\"url\":\"http:\/\/redeccap.org.br\/blogcasaviva\/\",\"name\":\"Espa\\u00e7o Casa Viva\/RedeCCAP\",\"description\":\"\",\"potentialAction\":[{\"@type\":\"SearchAction\",\"target\":\"http:\/\/redeccap.org.br\/blogcasaviva\/?s={search_term_string}\",\"query-input\":\"required name=search_term_string\"}],\"inLanguage\":\"pt-BR\"},{\"@type\":\"ImageObject\",\"@id\":\"http:\/\/redeccap.org.br\/blogcasaviva\/2013\/03\/08\/dia-internacional-da-mulher-2\/#primaryimage\",\"inLanguage\":\"pt-BR\",\"url\":\"http:\/\/redeccap.org.br\/blogcasaviva\/wp-content\/uploads\/2013\/03\/DSC08447.jpg\",\"width\":\"4608\",\"height\":\"3456\"},{\"@type\":\"WebPage\",\"@id\":\"http:\/\/redeccap.org.br\/blogcasaviva\/2013\/03\/08\/dia-internacional-da-mulher-2\/#webpage\",\"url\":\"http:\/\/redeccap.org.br\/blogcasaviva\/2013\/03\/08\/dia-internacional-da-mulher-2\/\",\"name\":\"Dia Internacional da Mulher - Espa\\u00e7o Casa Viva\/RedeCCAP\",\"isPartOf\":{\"@id\":\"http:\/\/redeccap.org.br\/blogcasaviva\/#website\"},\"primaryImageOfPage\":{\"@id\":\"http:\/\/redeccap.org.br\/blogcasaviva\/2013\/03\/08\/dia-internacional-da-mulher-2\/#primaryimage\"},\"datePublished\":\"2013-03-08T18:48:20+00:00\",\"dateModified\":\"2013-03-11T14:41:15+00:00\",\"author\":{\"@id\":\"http:\/\/redeccap.org.br\/blogcasaviva\/#\/schema\/person\/d3a4d7d47e5711a03216769944a6e099\"},\"inLanguage\":\"pt-BR\",\"potentialAction\":[{\"@type\":\"ReadAction\",\"target\":[\"http:\/\/redeccap.org.br\/blogcasaviva\/2013\/03\/08\/dia-internacional-da-mulher-2\/\"]}]},{\"@type\":\"Person\",\"@id\":\"http:\/\/redeccap.org.br\/blogcasaviva\/#\/schema\/person\/d3a4d7d47e5711a03216769944a6e099\",\"name\":\"Cristiane Lima\",\"image\":{\"@type\":\"ImageObject\",\"@id\":\"http:\/\/redeccap.org.br\/blogcasaviva\/#personlogo\",\"inLanguage\":\"pt-BR\",\"url\":\"http:\/\/2.gravatar.com\/avatar\/ef7514b24301542f8ba66a53508f3b6a?s=96&d=mm&r=g\",\"caption\":\"Cristiane Lima\"}}]}<\/script>\n<!-- \/ Yoast SEO plugin. -->","_links":{"self":[{"href":"http:\/\/redeccap.org.br\/blogcasaviva\/wp-json\/wp\/v2\/posts\/2974"}],"collection":[{"href":"http:\/\/redeccap.org.br\/blogcasaviva\/wp-json\/wp\/v2\/posts"}],"about":[{"href":"http:\/\/redeccap.org.br\/blogcasaviva\/wp-json\/wp\/v2\/types\/post"}],"author":[{"embeddable":true,"href":"http:\/\/redeccap.org.br\/blogcasaviva\/wp-json\/wp\/v2\/users\/2"}],"replies":[{"embeddable":true,"href":"http:\/\/redeccap.org.br\/blogcasaviva\/wp-json\/wp\/v2\/comments?post=2974"}],"version-history":[{"count":6,"href":"http:\/\/redeccap.org.br\/blogcasaviva\/wp-json\/wp\/v2\/posts\/2974\/revisions"}],"predecessor-version":[{"id":4975,"href":"http:\/\/redeccap.org.br\/blogcasaviva\/wp-json\/wp\/v2\/posts\/2974\/revisions\/4975"}],"wp:attachment":[{"href":"http:\/\/redeccap.org.br\/blogcasaviva\/wp-json\/wp\/v2\/media?parent=2974"}],"wp:term":[{"taxonomy":"category","embeddable":true,"href":"http:\/\/redeccap.org.br\/blogcasaviva\/wp-json\/wp\/v2\/categories?post=2974"},{"taxonomy":"post_tag","embeddable":true,"href":"http:\/\/redeccap.org.br\/blogcasaviva\/wp-json\/wp\/v2\/tags?post=2974"}],"curies":[{"name":"wp","href":"https:\/\/api.w.org\/{rel}","templated":true}]}}